{"id":1751,"date":"2023-07-07T13:47:11","date_gmt":"2023-07-07T11:47:11","guid":{"rendered":"https:\/\/tourderetro.net\/?p=1751"},"modified":"2024-05-15T12:08:46","modified_gmt":"2024-05-15T10:08:46","slug":"tour-de-retro-2023-w-zdjeciu","status":"publish","type":"post","link":"https:\/\/tourderetro.net\/pl\/tour-de-retro-2023-in-beeld\/","title":{"rendered":"Tour de Retro 2023 na zdj\u0119ciach"},"content":{"rendered":"<div data-elementor-type=\"wp-post\" data-elementor-id=\"1751\" class=\"elementor elementor-1751\" data-elementor-post-type=\"post\">\n\t\t\t\t\t\t<section class=\"elementor-section elementor-top-section elementor-element elementor-element-170914d4 elementor-section-boxed elementor-section-height-default elementor-section-height-default\" data-id=\"170914d4\" data-element_type=\"section\" data-e-type=\"section\">\n\t\t\t\t\t\t<div class=\"elementor-container elementor-column-gap-default\">\n\t\t\t\t\t<div class=\"elementor-column elementor-col-100 elementor-top-column elementor-element elementor-element-258ff57d\" data-id=\"258ff57d\" data-element_type=\"column\" data-e-type=\"column\">\n\t\t\t<div class=\"elementor-widget-wrap elementor-element-populated\">\n\t\t\t\t\t\t<div class=\"elementor-element elementor-element-4493e522 elementor-widget elementor-widget-text-editor\" data-id=\"4493e522\" data-element_type=\"widget\" data-e-type=\"widget\" data-widget_type=\"text-editor.default\">\n\t\t\t\t<div class=\"elementor-widget-container\">\n\t\t\t\t\t\t\t\t\t<p><\/p>\n<p><strong>Zdj\u0119cia i wideo z Tour de Retro 2023 mo\u017cna znale\u017a\u0107 tutaj. <\/strong><\/p>\n<p><\/p>\n<p>Dzi\u0119ki fotografowi Rijkowi de Jagerowi i asystentowi fotografa Wijtze uda\u0142o nam si\u0119 uchwyci\u0107 weekend Tour de Retro. Jest te\u017c fajna impresja wideo z samej trasy wykonana przez Haico Weversa, jednego z uczestnik\u00f3w Tour de Retro.<\/p>\n<p><\/p>\n<p>Haico i Rijk \u2013 wielkie dzi\u0119ki!<\/p>\n<p><\/p>\n<p>Zdj\u0119cia Rijka i Wijtze mo\u017cna znale\u017a\u0107 w galerii zdj\u0119\u0107 na stronie:<\/p>\n<figure class=\"wp-block-embed is-type-rich is-provider-embed-handler wp-block-embed-embed-handler wp-embed-aspect-16-9 wp-has-aspect-ratio\"><\/figure>\n<p><\/p>\n<p><\/p>\n<p><\/p>\n<p><style>\n        .orange-btn {<br \/>\n            background-color: orange;<br \/>\n            color: black;<br \/>\n            padding: 10px 20px;<br \/>\n            text-align: center;<br \/>\n            text-decoration: none;<br \/>\n            display: inline-block;<br \/>\n            font-size: 16px;<br \/>\n            margin: 4px 2px;<br \/>\n            cursor: pointer;<br \/>\n            border-radius: 12px;<br \/>\n            border: none;<br \/>\n        }<br \/>\n    <\/style><\/p>\t\t\t\t\t\t\t\t<\/div>\n\t\t\t\t<\/div>\n\t\t\t\t\t<\/div>\n\t\t<\/div>\n\t\t\t\t\t<\/div>\n\t\t<\/section>\n\t\t<div class=\"elementor-element elementor-element-d7b0bac e-flex e-con-boxed e-con e-parent\" data-id=\"d7b0bac\" data-element_type=\"container\" data-e-type=\"container\">\n\t\t\t\t\t<div class=\"e-con-inner\">\n\t\t\t\t<div class=\"elementor-element elementor-element-f94f185 elementor-align-center elementor-mobile-align-center elementor-widget elementor-widget-button\" data-id=\"f94f185\" data-element_type=\"widget\" data-e-type=\"widget\" data-widget_type=\"button.default\">\n\t\t\t\t<div class=\"elementor-widget-container\">\n\t\t\t\t\t\t\t\t\t<div class=\"elementor-button-wrapper\">\n\t\t\t\t\t<a class=\"elementor-button elementor-button-link elementor-size-sm\" href=\"https:\/\/tourderetro.net\/pl\/zapisac-sie-2\/\">\n\t\t\t\t\t\t<span class=\"elementor-button-content-wrapper\">\n\t\t\t\t\t\t\t\t\t<span class=\"elementor-button-text\">DO ZDJ\u0118\u0106 &gt;&gt;<\/span>\n\t\t\t\t\t<\/span>\n\t\t\t\t\t<\/a>\n\t\t\t\t<\/div>\n\t\t\t\t\t\t\t\t<\/div>\n\t\t\t\t<\/div>\n\t\t\t\t\t<\/div>\n\t\t\t\t<\/div>\n\t\t<div class=\"elementor-element elementor-element-645f9d2 e-flex e-con-boxed e-con e-parent\" data-id=\"645f9d2\" data-element_type=\"container\" data-e-type=\"container\">\n\t\t\t\t\t<div class=\"e-con-inner\">\n\t\t\t\t<div class=\"elementor-element elementor-element-4ea7aba elementor-widget elementor-widget-spacer\" data-id=\"4ea7aba\" data-element_type=\"widget\" data-e-type=\"widget\" data-widget_type=\"spacer.default\">\n\t\t\t\t<div class=\"elementor-widget-container\">\n\t\t\t\t\t\t\t<div class=\"elementor-spacer\">\n\t\t\t<div class=\"elementor-spacer-inner\"><\/div>\n\t\t<\/div>\n\t\t\t\t\t\t<\/div>\n\t\t\t\t<\/div>\n\t\t\t\t\t<\/div>\n\t\t\t\t<\/div>\n\t\t<div class=\"elementor-element elementor-element-f2c4f12 e-flex e-con-boxed e-con e-parent\" data-id=\"f2c4f12\" data-element_type=\"container\" data-e-type=\"container\">\n\t\t\t\t\t<div class=\"e-con-inner\">\n\t\t\t\t<div class=\"elementor-element elementor-element-b04632f elementor-widget elementor-widget-heading\" data-id=\"b04632f\" data-element_type=\"widget\" data-e-type=\"widget\" data-widget_type=\"heading.default\">\n\t\t\t\t<div class=\"elementor-widget-container\">\n\t\t\t\t\t<h2 class=\"elementor-heading-title elementor-size-default\">IMPRESJA WIDEO DU\u017bEJ WAVEZ - Klipy rowerowe<\/h2>\t\t\t\t<\/div>\n\t\t\t\t<\/div>\n\t\t\t\t<div class=\"elementor-element elementor-element-8503203 elementor-widget elementor-widget-video\" data-id=\"8503203\" data-element_type=\"widget\" data-e-type=\"widget\" data-settings=\"{&quot;youtube_url&quot;:&quot;https:\\\/\\\/www.youtube.com\\\/embed\\\/QRY5B2OIHAg&quot;,&quot;video_type&quot;:&quot;youtube&quot;,&quot;controls&quot;:&quot;yes&quot;}\" data-widget_type=\"video.default\">\n\t\t\t\t<div class=\"elementor-widget-container\">\n\t\t\t\t\t\t\t<div class=\"elementor-wrapper elementor-open-inline\">\n\t\t\t<div class=\"elementor-video\"><\/div>\t\t<\/div>\n\t\t\t\t\t\t<\/div>\n\t\t\t\t<\/div>\n\t\t\t\t<div class=\"elementor-element elementor-element-f36cd52 elementor-widget elementor-widget-spacer\" data-id=\"f36cd52\" data-element_type=\"widget\" data-e-type=\"widget\" data-widget_type=\"spacer.default\">\n\t\t\t\t<div class=\"elementor-widget-container\">\n\t\t\t\t\t\t\t<div class=\"elementor-spacer\">\n\t\t\t<div class=\"elementor-spacer-inner\"><\/div>\n\t\t<\/div>\n\t\t\t\t\t\t<\/div>\n\t\t\t\t<\/div>\n\t\t\t\t\t<\/div>\n\t\t\t\t<\/div>\n\t\t\t\t<\/div>","protected":false},"excerpt":{"rendered":"<p>De foto&#8217;s &amp; video van de Tour de Retro 2023 kan je hier vinden. Dankzij fotograaf Rijk de Jager en hulpfotograaf Wijtze hebben we het Tour de Retro weekend in beeld gebracht. Ook is er een mooie video impressie van de tocht zelf gemaakt door Haico Wevers, \u00e9\u00e9n van de deelnemers aan Tour de Retro. [&hellip;]<\/p>\n","protected":false},"author":2,"featured_media":1568,"comment_status":"closed","ping_status":"closed","sticky":false,"template":"","format":"standard","meta":{"_acf_changed":false,"footnotes":""},"categories":[44],"tags":[],"class_list":["post-1751","post","type-post","status-publish","format-standard","has-post-thumbnail","hentry","category-44"],"acf":[],"yoast_head":"<!-- This site is optimized with the Yoast SEO plugin v27.4 - https:\/\/yoast.com\/product\/yoast-seo-wordpress\/ -->\n<title>Tour de Retro 2023 in beeld - Tour de Retro<\/title>\n<meta name=\"robots\" content=\"index, follow, max-snippet:-1, max-image-preview:large, max-video-preview:-1\" \/>\n<link rel=\"canonical\" href=\"https:\/\/tourderetro.net\/pl\/tour-de-retro-2023-w-zdjeciu\/\" \/>\n<meta property=\"og:locale\" content=\"pl_PL\" \/>\n<meta property=\"og:type\" content=\"article\" \/>\n<meta property=\"og:title\" content=\"Tour de Retro 2023 in beeld - Tour de Retro\" \/>\n<meta property=\"og:description\" content=\"De foto&#8217;s &amp; video van de Tour de Retro 2023 kan je hier vinden. Dankzij fotograaf Rijk de Jager en hulpfotograaf Wijtze hebben we het Tour de Retro weekend in beeld gebracht. Ook is er een mooie video impressie van de tocht zelf gemaakt door Haico Wevers, \u00e9\u00e9n van de deelnemers aan Tour de Retro. [&hellip;]\" \/>\n<meta property=\"og:url\" content=\"https:\/\/tourderetro.net\/pl\/tour-de-retro-2023-w-zdjeciu\/\" \/>\n<meta property=\"og:site_name\" content=\"Tour de Retro\" \/>\n<meta property=\"article:published_time\" content=\"2023-07-07T11:47:11+00:00\" \/>\n<meta property=\"article:modified_time\" content=\"2024-05-15T10:08:46+00:00\" \/>\n<meta property=\"og:image\" content=\"https:\/\/tourderetro.net\/wp-content\/uploads\/2023\/06\/TourdeRetro2023-49-scaled.jpg\" \/>\n\t<meta property=\"og:image:width\" content=\"2560\" \/>\n\t<meta property=\"og:image:height\" content=\"1443\" \/>\n\t<meta property=\"og:image:type\" content=\"image\/jpeg\" \/>\n<meta name=\"author\" content=\"Wijtze\" \/>\n<meta name=\"twitter:card\" content=\"summary_large_image\" \/>\n<meta name=\"twitter:label1\" content=\"Napisane przez\" \/>\n\t<meta name=\"twitter:data1\" content=\"Wijtze\" \/>\n\t<meta name=\"twitter:label2\" content=\"Szacowany czas czytania\" \/>\n\t<meta name=\"twitter:data2\" content=\"1 minuta\" \/>\n<script type=\"application\/ld+json\" class=\"yoast-schema-graph\">{\"@context\":\"https:\\\/\\\/schema.org\",\"@graph\":[{\"@type\":\"Article\",\"@id\":\"https:\\\/\\\/tourderetro.net\\\/tour-de-retro-2023-in-beeld\\\/#article\",\"isPartOf\":{\"@id\":\"https:\\\/\\\/tourderetro.net\\\/tour-de-retro-2023-in-beeld\\\/\"},\"author\":{\"name\":\"Wijtze\",\"@id\":\"https:\\\/\\\/tourderetro.net\\\/#\\\/schema\\\/person\\\/2c6ea8c36c89645ce19d4848e595bac3\"},\"headline\":\"Tour de Retro 2023 in beeld\",\"datePublished\":\"2023-07-07T11:47:11+00:00\",\"dateModified\":\"2024-05-15T10:08:46+00:00\",\"mainEntityOfPage\":{\"@id\":\"https:\\\/\\\/tourderetro.net\\\/tour-de-retro-2023-in-beeld\\\/\"},\"wordCount\":99,\"publisher\":{\"@id\":\"https:\\\/\\\/tourderetro.net\\\/#organization\"},\"image\":{\"@id\":\"https:\\\/\\\/tourderetro.net\\\/tour-de-retro-2023-in-beeld\\\/#primaryimage\"},\"thumbnailUrl\":\"https:\\\/\\\/tourderetro.net\\\/wp-content\\\/uploads\\\/2023\\\/06\\\/TourdeRetro2023-49-scaled.jpg\",\"articleSection\":[\"2023\"],\"inLanguage\":\"pl-PL\"},{\"@type\":\"WebPage\",\"@id\":\"https:\\\/\\\/tourderetro.net\\\/tour-de-retro-2023-in-beeld\\\/\",\"url\":\"https:\\\/\\\/tourderetro.net\\\/tour-de-retro-2023-in-beeld\\\/\",\"name\":\"Tour de Retro 2023 in beeld - Tour de Retro\",\"isPartOf\":{\"@id\":\"https:\\\/\\\/tourderetro.net\\\/#website\"},\"primaryImageOfPage\":{\"@id\":\"https:\\\/\\\/tourderetro.net\\\/tour-de-retro-2023-in-beeld\\\/#primaryimage\"},\"image\":{\"@id\":\"https:\\\/\\\/tourderetro.net\\\/tour-de-retro-2023-in-beeld\\\/#primaryimage\"},\"thumbnailUrl\":\"https:\\\/\\\/tourderetro.net\\\/wp-content\\\/uploads\\\/2023\\\/06\\\/TourdeRetro2023-49-scaled.jpg\",\"datePublished\":\"2023-07-07T11:47:11+00:00\",\"dateModified\":\"2024-05-15T10:08:46+00:00\",\"breadcrumb\":{\"@id\":\"https:\\\/\\\/tourderetro.net\\\/tour-de-retro-2023-in-beeld\\\/#breadcrumb\"},\"inLanguage\":\"pl-PL\",\"potentialAction\":[{\"@type\":\"ReadAction\",\"target\":[\"https:\\\/\\\/tourderetro.net\\\/tour-de-retro-2023-in-beeld\\\/\"]}]},{\"@type\":\"ImageObject\",\"inLanguage\":\"pl-PL\",\"@id\":\"https:\\\/\\\/tourderetro.net\\\/tour-de-retro-2023-in-beeld\\\/#primaryimage\",\"url\":\"https:\\\/\\\/tourderetro.net\\\/wp-content\\\/uploads\\\/2023\\\/06\\\/TourdeRetro2023-49-scaled.jpg\",\"contentUrl\":\"https:\\\/\\\/tourderetro.net\\\/wp-content\\\/uploads\\\/2023\\\/06\\\/TourdeRetro2023-49-scaled.jpg\",\"width\":2560,\"height\":1443,\"caption\":\"Tour de Retro in beeld\"},{\"@type\":\"BreadcrumbList\",\"@id\":\"https:\\\/\\\/tourderetro.net\\\/tour-de-retro-2023-in-beeld\\\/#breadcrumb\",\"itemListElement\":[{\"@type\":\"ListItem\",\"position\":1,\"name\":\"Home\",\"item\":\"https:\\\/\\\/tourderetro.net\\\/\"},{\"@type\":\"ListItem\",\"position\":2,\"name\":\"Tour de Retro 2023 in beeld\"}]},{\"@type\":\"WebSite\",\"@id\":\"https:\\\/\\\/tourderetro.net\\\/#website\",\"url\":\"https:\\\/\\\/tourderetro.net\\\/\",\"name\":\"Tour de Retro\",\"description\":\"Tour de retro | Wieler-event | Eindhoven\",\"publisher\":{\"@id\":\"https:\\\/\\\/tourderetro.net\\\/#organization\"},\"potentialAction\":[{\"@type\":\"SearchAction\",\"target\":{\"@type\":\"EntryPoint\",\"urlTemplate\":\"https:\\\/\\\/tourderetro.net\\\/?s={search_term_string}\"},\"query-input\":{\"@type\":\"PropertyValueSpecification\",\"valueRequired\":true,\"valueName\":\"search_term_string\"}}],\"inLanguage\":\"pl-PL\"},{\"@type\":\"Organization\",\"@id\":\"https:\\\/\\\/tourderetro.net\\\/#organization\",\"name\":\"Tour de Retro\",\"url\":\"https:\\\/\\\/tourderetro.net\\\/\",\"logo\":{\"@type\":\"ImageObject\",\"inLanguage\":\"pl-PL\",\"@id\":\"https:\\\/\\\/tourderetro.net\\\/#\\\/schema\\\/logo\\\/image\\\/\",\"url\":\"https:\\\/\\\/tourderetro.net\\\/wp-content\\\/uploads\\\/2023\\\/02\\\/Logo_original.png\",\"contentUrl\":\"https:\\\/\\\/tourderetro.net\\\/wp-content\\\/uploads\\\/2023\\\/02\\\/Logo_original.png\",\"width\":500,\"height\":141,\"caption\":\"Tour de Retro\"},\"image\":{\"@id\":\"https:\\\/\\\/tourderetro.net\\\/#\\\/schema\\\/logo\\\/image\\\/\"}},{\"@type\":\"Person\",\"@id\":\"https:\\\/\\\/tourderetro.net\\\/#\\\/schema\\\/person\\\/2c6ea8c36c89645ce19d4848e595bac3\",\"name\":\"Wijtze\",\"image\":{\"@type\":\"ImageObject\",\"inLanguage\":\"pl-PL\",\"@id\":\"https:\\\/\\\/secure.gravatar.com\\\/avatar\\\/4ad6e90fce6b8497d48a6d71d1faddf23d9c0b0b3adce8feb21094677089eb42?s=96&d=mm&r=g\",\"url\":\"https:\\\/\\\/secure.gravatar.com\\\/avatar\\\/4ad6e90fce6b8497d48a6d71d1faddf23d9c0b0b3adce8feb21094677089eb42?s=96&d=mm&r=g\",\"contentUrl\":\"https:\\\/\\\/secure.gravatar.com\\\/avatar\\\/4ad6e90fce6b8497d48a6d71d1faddf23d9c0b0b3adce8feb21094677089eb42?s=96&d=mm&r=g\",\"caption\":\"Wijtze\"},\"url\":\"https:\\\/\\\/tourderetro.net\\\/pl\\\/author\\\/wijtze\\\/\"}]}<\/script>\n<!-- \/ Yoast SEO plugin. -->","yoast_head_json":{"title":"Tour de Retro 2023 na zdj\u0119ciach - Tour de Retro","robots":{"index":"index","follow":"follow","max-snippet":"max-snippet:-1","max-image-preview":"max-image-preview:large","max-video-preview":"max-video-preview:-1"},"canonical":"https:\/\/tourderetro.net\/pl\/tour-de-retro-2023-w-zdjeciu\/","og_locale":"pl_PL","og_type":"article","og_title":"Tour de Retro 2023 in beeld - Tour de Retro","og_description":"De foto&#8217;s &amp; video van de Tour de Retro 2023 kan je hier vinden. Dankzij fotograaf Rijk de Jager en hulpfotograaf Wijtze hebben we het Tour de Retro weekend in beeld gebracht. Ook is er een mooie video impressie van de tocht zelf gemaakt door Haico Wevers, \u00e9\u00e9n van de deelnemers aan Tour de Retro. [&hellip;]","og_url":"https:\/\/tourderetro.net\/pl\/tour-de-retro-2023-w-zdjeciu\/","og_site_name":"Tour de Retro","article_published_time":"2023-07-07T11:47:11+00:00","article_modified_time":"2024-05-15T10:08:46+00:00","og_image":[{"width":2560,"height":1443,"url":"https:\/\/tourderetro.net\/wp-content\/uploads\/2023\/06\/TourdeRetro2023-49-scaled.jpg","type":"image\/jpeg"}],"author":"Wijtze","twitter_card":"summary_large_image","twitter_misc":{"Napisane przez":"Wijtze","Szacowany czas czytania":"1 minuta"},"schema":{"@context":"https:\/\/schema.org","@graph":[{"@type":"Article","@id":"https:\/\/tourderetro.net\/tour-de-retro-2023-in-beeld\/#article","isPartOf":{"@id":"https:\/\/tourderetro.net\/tour-de-retro-2023-in-beeld\/"},"author":{"name":"Wijtze","@id":"https:\/\/tourderetro.net\/#\/schema\/person\/2c6ea8c36c89645ce19d4848e595bac3"},"headline":"Tour de Retro 2023 in beeld","datePublished":"2023-07-07T11:47:11+00:00","dateModified":"2024-05-15T10:08:46+00:00","mainEntityOfPage":{"@id":"https:\/\/tourderetro.net\/tour-de-retro-2023-in-beeld\/"},"wordCount":99,"publisher":{"@id":"https:\/\/tourderetro.net\/#organization"},"image":{"@id":"https:\/\/tourderetro.net\/tour-de-retro-2023-in-beeld\/#primaryimage"},"thumbnailUrl":"https:\/\/tourderetro.net\/wp-content\/uploads\/2023\/06\/TourdeRetro2023-49-scaled.jpg","articleSection":["2023"],"inLanguage":"pl-PL"},{"@type":"WebPage","@id":"https:\/\/tourderetro.net\/tour-de-retro-2023-in-beeld\/","url":"https:\/\/tourderetro.net\/tour-de-retro-2023-in-beeld\/","name":"Tour de Retro 2023 na zdj\u0119ciach - Tour de Retro","isPartOf":{"@id":"https:\/\/tourderetro.net\/#website"},"primaryImageOfPage":{"@id":"https:\/\/tourderetro.net\/tour-de-retro-2023-in-beeld\/#primaryimage"},"image":{"@id":"https:\/\/tourderetro.net\/tour-de-retro-2023-in-beeld\/#primaryimage"},"thumbnailUrl":"https:\/\/tourderetro.net\/wp-content\/uploads\/2023\/06\/TourdeRetro2023-49-scaled.jpg","datePublished":"2023-07-07T11:47:11+00:00","dateModified":"2024-05-15T10:08:46+00:00","breadcrumb":{"@id":"https:\/\/tourderetro.net\/tour-de-retro-2023-in-beeld\/#breadcrumb"},"inLanguage":"pl-PL","potentialAction":[{"@type":"ReadAction","target":["https:\/\/tourderetro.net\/tour-de-retro-2023-in-beeld\/"]}]},{"@type":"ImageObject","inLanguage":"pl-PL","@id":"https:\/\/tourderetro.net\/tour-de-retro-2023-in-beeld\/#primaryimage","url":"https:\/\/tourderetro.net\/wp-content\/uploads\/2023\/06\/TourdeRetro2023-49-scaled.jpg","contentUrl":"https:\/\/tourderetro.net\/wp-content\/uploads\/2023\/06\/TourdeRetro2023-49-scaled.jpg","width":2560,"height":1443,"caption":"Tour de Retro in beeld"},{"@type":"BreadcrumbList","@id":"https:\/\/tourderetro.net\/tour-de-retro-2023-in-beeld\/#breadcrumb","itemListElement":[{"@type":"ListItem","position":1,"name":"Home","item":"https:\/\/tourderetro.net\/"},{"@type":"ListItem","position":2,"name":"Tour de Retro 2023 in beeld"}]},{"@type":"WebSite","@id":"https:\/\/tourderetro.net\/#website","url":"https:\/\/tourderetro.net\/","name":"Zwiedzaj retro","description":"Wycieczka retro | Wydarzenie rowerowe | Eindhoven","publisher":{"@id":"https:\/\/tourderetro.net\/#organization"},"potentialAction":[{"@type":"SearchAction","target":{"@type":"EntryPoint","urlTemplate":"https:\/\/tourderetro.net\/?s={search_term_string}"},"query-input":{"@type":"PropertyValueSpecification","valueRequired":true,"valueName":"search_term_string"}}],"inLanguage":"pl-PL"},{"@type":"Organization","@id":"https:\/\/tourderetro.net\/#organization","name":"Zwiedzaj retro","url":"https:\/\/tourderetro.net\/","logo":{"@type":"ImageObject","inLanguage":"pl-PL","@id":"https:\/\/tourderetro.net\/#\/schema\/logo\/image\/","url":"https:\/\/tourderetro.net\/wp-content\/uploads\/2023\/02\/Logo_original.png","contentUrl":"https:\/\/tourderetro.net\/wp-content\/uploads\/2023\/02\/Logo_original.png","width":500,"height":141,"caption":"Tour de Retro"},"image":{"@id":"https:\/\/tourderetro.net\/#\/schema\/logo\/image\/"}},{"@type":"Person","@id":"https:\/\/tourderetro.net\/#\/schema\/person\/2c6ea8c36c89645ce19d4848e595bac3","name":"Wijtze","image":{"@type":"ImageObject","inLanguage":"pl-PL","@id":"https:\/\/secure.gravatar.com\/avatar\/4ad6e90fce6b8497d48a6d71d1faddf23d9c0b0b3adce8feb21094677089eb42?s=96&d=mm&r=g","url":"https:\/\/secure.gravatar.com\/avatar\/4ad6e90fce6b8497d48a6d71d1faddf23d9c0b0b3adce8feb21094677089eb42?s=96&d=mm&r=g","contentUrl":"https:\/\/secure.gravatar.com\/avatar\/4ad6e90fce6b8497d48a6d71d1faddf23d9c0b0b3adce8feb21094677089eb42?s=96&d=mm&r=g","caption":"Wijtze"},"url":"https:\/\/tourderetro.net\/pl\/author\/wijtze\/"}]}},"_links":{"self":[{"href":"https:\/\/tourderetro.net\/pl\/wp-json\/wp\/v2\/posts\/1751","targetHints":{"allow":["GET"]}}],"collection":[{"href":"https:\/\/tourderetro.net\/pl\/wp-json\/wp\/v2\/posts"}],"about":[{"href":"https:\/\/tourderetro.net\/pl\/wp-json\/wp\/v2\/types\/post"}],"author":[{"embeddable":true,"href":"https:\/\/tourderetro.net\/pl\/wp-json\/wp\/v2\/users\/2"}],"replies":[{"embeddable":true,"href":"https:\/\/tourderetro.net\/pl\/wp-json\/wp\/v2\/comments?post=1751"}],"version-history":[{"count":20,"href":"https:\/\/tourderetro.net\/pl\/wp-json\/wp\/v2\/posts\/1751\/revisions"}],"predecessor-version":[{"id":1810,"href":"https:\/\/tourderetro.net\/pl\/wp-json\/wp\/v2\/posts\/1751\/revisions\/1810"}],"wp:featuredmedia":[{"embeddable":true,"href":"https:\/\/tourderetro.net\/pl\/wp-json\/wp\/v2\/media\/1568"}],"wp:attachment":[{"href":"https:\/\/tourderetro.net\/pl\/wp-json\/wp\/v2\/media?parent=1751"}],"wp:term":[{"taxonomy":"category","embeddable":true,"href":"https:\/\/tourderetro.net\/pl\/wp-json\/wp\/v2\/categories?post=1751"},{"taxonomy":"post_tag","embeddable":true,"href":"https:\/\/tourderetro.net\/pl\/wp-json\/wp\/v2\/tags?post=1751"}],"curies":[{"name":"wp","href":"https:\/\/api.w.org\/{rel}","templated":true}]}}