{"id":1277,"date":"2023-03-29T13:14:22","date_gmt":"2023-03-29T11:14:22","guid":{"rendered":"https:\/\/tourderetro.net\/?p=1277"},"modified":"2024-05-17T14:30:48","modified_gmt":"2024-05-17T12:30:48","slug":"velo-danvers-do-kolarstwa-w-stylu-vintage","status":"publish","type":"post","link":"https:\/\/tourderetro.net\/pl\/velo-danvers-voor-fietsen-in-vintage-stijl\/","title":{"rendered":"Velo d&#039;Anvers \u2013 do rower\u00f3w w stylu vintage"},"content":{"rendered":"<div data-elementor-type=\"wp-post\" data-elementor-id=\"1277\" class=\"elementor elementor-1277\" data-elementor-post-type=\"post\">\n\t\t\t\t\t\t<section class=\"elementor-section elementor-top-section elementor-element elementor-element-3dfce7ec elementor-section-boxed elementor-section-height-default elementor-section-height-default\" data-id=\"3dfce7ec\" data-element_type=\"section\" data-e-type=\"section\">\n\t\t\t\t\t\t<div class=\"elementor-container elementor-column-gap-default\">\n\t\t\t\t\t<div class=\"elementor-column elementor-col-100 elementor-top-column elementor-element elementor-element-6ad9ba88\" data-id=\"6ad9ba88\" data-element_type=\"column\" data-e-type=\"column\">\n\t\t\t<div class=\"elementor-widget-wrap elementor-element-populated\">\n\t\t\t\t\t\t<div class=\"elementor-element elementor-element-30577f elementor-widget elementor-widget-text-editor\" data-id=\"30577f\" data-element_type=\"widget\" data-e-type=\"widget\" data-widget_type=\"text-editor.default\">\n\t\t\t\t<div class=\"elementor-widget-container\">\n\t\t\t\t\t\t\t\t\t<p><\/p>\n<p><img fetchpriority=\"high\" decoding=\"async\" width=\"1024\" height=\"622\" class=\"wp-image-1285\" style=\"color: var( --e-global-color-text ); font-family: var( --e-global-typography-text-font-family ), Sans-serif; font-weight: var( --e-global-typography-text-font-weight ); font-size: 1rem;\" src=\"https:\/\/tourderetro.net\/wp-content\/uploads\/2023\/03\/velo-d-anvers-vintage-fietsen-kl2-1024x622.jpg\" alt=\"\" srcset=\"https:\/\/tourderetro.net\/wp-content\/uploads\/2023\/03\/velo-d-anvers-vintage-fietsen-kl2-1024x622.jpg 1024w, https:\/\/tourderetro.net\/wp-content\/uploads\/2023\/03\/velo-d-anvers-vintage-fietsen-kl2-300x182.jpg 300w, https:\/\/tourderetro.net\/wp-content\/uploads\/2023\/03\/velo-d-anvers-vintage-fietsen-kl2-768x466.jpg 768w, https:\/\/tourderetro.net\/wp-content\/uploads\/2023\/03\/velo-d-anvers-vintage-fietsen-kl2-1536x933.jpg 1536w, https:\/\/tourderetro.net\/wp-content\/uploads\/2023\/03\/velo-d-anvers-vintage-fietsen-kl2-2048x1244.jpg 2048w, https:\/\/tourderetro.net\/wp-content\/uploads\/2023\/03\/velo-d-anvers-vintage-fietsen-kl2-18x12.jpg 18w\" sizes=\"(max-width: 1024px) 100vw, 1024px\" \/><\/p>\n<p><\/p>\n<p><\/p>\n<p><em>Szukasz wyj\u0105tkowego zabytkowego roweru, kt\u00f3ry jest ca\u0142kowicie wykonany na zam\u00f3wienie? W takim razie Velo d&#039;Anvers to miejsce, w kt\u00f3rym warto by\u0107! W tym sklepie rowerowym Theon Valks, zlokalizowanym w Machinekamer w Strijp-S, nie znajdziesz standardowych rower\u00f3w, ale unikalne produkty. Theon tworzy zabytkowe rowery w pe\u0142ni dostosowane do Twoich \u017cycze\u0144, aby\u015b m\u00f3g\u0142 zn\u00f3w wyruszy\u0107 w drog\u0119 jak nowy.<\/em><\/p>\n<p>Velo d&#039;Anvers wywodzi si\u0119 z hobby Theona, kt\u00f3re wymkn\u0119\u0142o si\u0119 spod kontroli. Ca\u0142e \u017cycie majstrowa\u0142 przy rowerach. Chocia\u017c pierwotnie by\u0142 architektem, ostatecznie przekszta\u0142ci\u0142 swoje hobby w zaw\u00f3d. Theon lubi rzeczy, kt\u00f3re s\u0105 wykonane na zam\u00f3wienie i ma pragnienie, aby rzeczy by\u0142y pi\u0119kniejsze i lepsze. Zacz\u0105\u0142 odnawia\u0107 stare rowery szosowe w domu, kiedy jeszcze mieszka\u0142 w Antwerpii. Jako oda do jego dawnego rodzinnego miasta, odniesienie do Antwerpii zosta\u0142o w\u0142\u0105czone do nazwy sklepu. Velo d&#039;Anvers wystartowa\u0142 w 2014 roku, aw 2015 roku Theon otworzy\u0142 sw\u00f3j pierwszy sklep w Urban Shopper w Strijp-S. Velo d&#039;Anvers znajduje si\u0119 teraz w starej maszynowni firmy Philips w Strijp-S.<\/p>\n<p><\/p>\n<p><\/p>\n<figure class=\"wp-block-image size-large\"><img decoding=\"async\" width=\"1024\" height=\"685\" class=\"wp-image-1278\" src=\"https:\/\/tourderetro.net\/wp-content\/uploads\/2023\/03\/velo-d-anvers-fietsenwinkel-vintage-eindhoven-1024x685.jpg\" alt=\"\" srcset=\"https:\/\/tourderetro.net\/wp-content\/uploads\/2023\/03\/velo-d-anvers-fietsenwinkel-vintage-eindhoven-1024x685.jpg 1024w, https:\/\/tourderetro.net\/wp-content\/uploads\/2023\/03\/velo-d-anvers-fietsenwinkel-vintage-eindhoven-300x201.jpg 300w, https:\/\/tourderetro.net\/wp-content\/uploads\/2023\/03\/velo-d-anvers-fietsenwinkel-vintage-eindhoven-768x514.jpg 768w, https:\/\/tourderetro.net\/wp-content\/uploads\/2023\/03\/velo-d-anvers-fietsenwinkel-vintage-eindhoven-1536x1028.jpg 1536w, https:\/\/tourderetro.net\/wp-content\/uploads\/2023\/03\/velo-d-anvers-fietsenwinkel-vintage-eindhoven-2048x1371.jpg 2048w, https:\/\/tourderetro.net\/wp-content\/uploads\/2023\/03\/velo-d-anvers-fietsenwinkel-vintage-eindhoven-18x12.jpg 18w\" sizes=\"(max-width: 1024px) 100vw, 1024px\" \/><\/figure>\n<p><\/p>\n<p><\/p>\n<p>W Velo d&#039;Anvers wszystko odbywa si\u0119 w spos\u00f3b zr\u00f3wnowa\u017cony. Wszystkie cz\u0119\u015bci, kt\u00f3re mo\u017cna ponownie wykorzysta\u0107, s\u0105 ponownie u\u017cywane. Kupowany jest zabytkowy rower, a nast\u0119pnie ca\u0142kowicie demontowany. Go\u0142a rama jest zawieszona, a kiedy przychodzi czas, rower jest ca\u0142kowicie przebudowany. Stara bestia mo\u017ce wtedy zn\u00f3w wyruszy\u0107 w drog\u0119 jak nowa. W sklepie Velo d&#039;Anvers jest teraz wiele historii na \u015bcianie. To naprawd\u0119 wygl\u0105da jak muzeum.<\/p>\n<p><\/p>\n<p><\/p>\n<p>Sklep Velo d&#039;Anvers to prze\u017cycie samo w sobie. Jest warsztat, w kt\u00f3rym robi si\u0119 du\u017co majsterkowania, ale jest te\u017c mi\u0142e miejsce, \u017ceby przy kawie porozmawia\u0107 o tym, jak powinien wygl\u0105da\u0107 Tw\u00f3j rower. W Velo d&#039;Anvers znajdziesz ramy we wszystkich kszta\u0142tach i rozmiarach, pojemniki pe\u0142ne cz\u0119\u015bci i niezb\u0119dnych akcesori\u00f3w. Jest to du\u017cy sklep, w kt\u00f3rym twoje oczy s\u0105 kr\u00f3tkie, specjalizuj\u0105cy si\u0119 w rowerach wy\u015bcigowych, randonneurach i wielu innych.<\/p>\n<p><\/p>\n<p><\/p>\n<p>Szukasz pi\u0119knego zabytkowego roweru lub chcesz, aby Tw\u00f3j rower zosta\u0142 odrestaurowany i od\u015bwie\u017cony w fajnym kolorze? W takim razie Velo d&#039;Anvers jest w\u0142a\u015bciwym miejscem dla Ciebie. Wszystkie rumaki s\u0105 mile widziane, czy to stalowe, tr\u00f3jko\u0142owe, karbonowe, mocno zaniedbane czy czyszczone w ka\u017cdy weekend. Oczywi\u015bcie otrzymasz sw\u00f3j rower z napompowanymi oponami, napi\u0119tymi hamulcami i bez b\u0142ota. To wszystko obs\u0142uga biznesowa.<\/p>\n<p><\/p>\n<p><\/p>\n<p>Kr\u00f3tko m\u00f3wi\u0105c, w Velo d&#039;Anvers znajdziesz nie tylko jeden <a href=\"https:\/\/www.velodanvers.nl\/fietsen\/\" target=\"_blank\" rel=\"noreferrer noopener\">unikalny zabytkowy rower<\/a>, ale tak\u017ce prze\u017cyciem samym w sobie. Wpadnij i zainspiruj si\u0119 histori\u0105 i kunsztem tego wyj\u0105tkowego sklepu rowerowego.<\/p>\n<p><\/p>\n<p><\/p>\n<p>Theon Valks b\u0119dzie obecny na Tour de Retro w niedziel\u0119 25 czerwca rano, aby udzieli\u0107 rad i pom\u00f3c uczestnikom w drobnych problemach z zabytkowym rowerem wy\u015bcigowym.<\/p>\n<p><\/p>\n<p><\/p>\n<p>Velo d&#039;Anvers<br \/>Plac kot\u0142owni 6<br \/>5617AE Eindhoven<br \/>0683007327<br \/><a href=\"http:\/\/velodanvers.nl\" target=\"_blank\" rel=\"noreferrer noopener\" data-type=\"URL\" data-id=\"velodanvers.nl\">velodanvers.nl<\/a><\/p>\n<p><\/p>\n<p><\/p>\n<figure class=\"wp-block-image size-large\"><img decoding=\"async\" width=\"1024\" height=\"495\" class=\"wp-image-1286\" src=\"https:\/\/tourderetro.net\/wp-content\/uploads\/2023\/03\/velo-d-anvers-vintage-fietsen-eindhoven-ingang-1024x495.jpg\" alt=\"\" srcset=\"https:\/\/tourderetro.net\/wp-content\/uploads\/2023\/03\/velo-d-anvers-vintage-fietsen-eindhoven-ingang-1024x495.jpg 1024w, https:\/\/tourderetro.net\/wp-content\/uploads\/2023\/03\/velo-d-anvers-vintage-fietsen-eindhoven-ingang-300x145.jpg 300w, https:\/\/tourderetro.net\/wp-content\/uploads\/2023\/03\/velo-d-anvers-vintage-fietsen-eindhoven-ingang-768x371.jpg 768w, https:\/\/tourderetro.net\/wp-content\/uploads\/2023\/03\/velo-d-anvers-vintage-fietsen-eindhoven-ingang-1536x742.jpg 1536w, https:\/\/tourderetro.net\/wp-content\/uploads\/2023\/03\/velo-d-anvers-vintage-fietsen-eindhoven-ingang-18x9.jpg 18w, https:\/\/tourderetro.net\/wp-content\/uploads\/2023\/03\/velo-d-anvers-vintage-fietsen-eindhoven-ingang.jpg 1773w\" sizes=\"(max-width: 1024px) 100vw, 1024px\" \/><\/figure>\n<p><\/p>\t\t\t\t\t\t\t\t<\/div>\n\t\t\t\t<\/div>\n\t\t\t\t\t<\/div>\n\t\t<\/div>\n\t\t\t\t\t<\/div>\n\t\t<\/section>\n\t\t\t\t<\/div>","protected":false},"excerpt":{"rendered":"<p>Ben je op zoek naar een unieke vintage fiets die helemaal op maat gemaakt is? Dan moet je bij Velo d&#8217;Anvers zijn! Bij deze fietsenwinkel van Theon Valks, gevestigd in de Machinekamer op Strijp-S, vind je geen standaard fietsen, maar unieke producten. Theon maakt vintage fietsen volledig op maat naar jouw wens, zodat je weer [&hellip;]<\/p>\n","protected":false},"author":2,"featured_media":2029,"comment_status":"closed","ping_status":"closed","sticky":false,"template":"","format":"standard","meta":{"_acf_changed":false,"footnotes":""},"categories":[44,42],"tags":[41,40,39],"class_list":["post-1277","post","type-post","status-publish","format-standard","has-post-thumbnail","hentry","category-44","category-support-tour-de-retro","tag-fietswinkel-eindhoven","tag-stalen-racefiets","tag-vintage-fietsen"],"acf":[],"yoast_head":"<!-- This site is optimized with the Yoast SEO plugin v27.4 - https:\/\/yoast.com\/product\/yoast-seo-wordpress\/ -->\n<title>Velo d&#039;Anvers - voor fietsen in vintage stijl - Tour de Retro<\/title>\n<meta name=\"robots\" content=\"index, follow, max-snippet:-1, max-image-preview:large, max-video-preview:-1\" \/>\n<link rel=\"canonical\" href=\"https:\/\/tourderetro.net\/pl\/velo-danvers-do-kolarstwa-w-stylu-vintage\/\" \/>\n<meta property=\"og:locale\" content=\"pl_PL\" \/>\n<meta property=\"og:type\" content=\"article\" \/>\n<meta property=\"og:title\" content=\"Velo d&#039;Anvers - voor fietsen in vintage stijl - Tour de Retro\" \/>\n<meta property=\"og:description\" content=\"Ben je op zoek naar een unieke vintage fiets die helemaal op maat gemaakt is? Dan moet je bij Velo d&#8217;Anvers zijn! Bij deze fietsenwinkel van Theon Valks, gevestigd in de Machinekamer op Strijp-S, vind je geen standaard fietsen, maar unieke producten. Theon maakt vintage fietsen volledig op maat naar jouw wens, zodat je weer [&hellip;]\" \/>\n<meta property=\"og:url\" content=\"https:\/\/tourderetro.net\/pl\/velo-danvers-do-kolarstwa-w-stylu-vintage\/\" \/>\n<meta property=\"og:site_name\" content=\"Tour de Retro\" \/>\n<meta property=\"article:published_time\" content=\"2023-03-29T11:14:22+00:00\" \/>\n<meta property=\"article:modified_time\" content=\"2024-05-17T12:30:48+00:00\" \/>\n<meta property=\"og:image\" content=\"https:\/\/tourderetro.net\/wp-content\/uploads\/2023\/03\/velodanvers_gr.jpg\" \/>\n\t<meta property=\"og:image:width\" content=\"1475\" \/>\n\t<meta property=\"og:image:height\" content=\"961\" \/>\n\t<meta property=\"og:image:type\" content=\"image\/jpeg\" \/>\n<meta name=\"author\" content=\"Wijtze\" \/>\n<meta name=\"twitter:card\" content=\"summary_large_image\" \/>\n<meta name=\"twitter:label1\" content=\"Napisane przez\" \/>\n\t<meta name=\"twitter:data1\" content=\"Wijtze\" \/>\n\t<meta name=\"twitter:label2\" content=\"Szacowany czas czytania\" \/>\n\t<meta name=\"twitter:data2\" content=\"3 minuty\" \/>\n<script type=\"application\/ld+json\" class=\"yoast-schema-graph\">{\"@context\":\"https:\\\/\\\/schema.org\",\"@graph\":[{\"@type\":\"Article\",\"@id\":\"https:\\\/\\\/tourderetro.net\\\/velo-danvers-voor-fietsen-in-vintage-stijl\\\/#article\",\"isPartOf\":{\"@id\":\"https:\\\/\\\/tourderetro.net\\\/velo-danvers-voor-fietsen-in-vintage-stijl\\\/\"},\"author\":{\"name\":\"Wijtze\",\"@id\":\"https:\\\/\\\/tourderetro.net\\\/#\\\/schema\\\/person\\\/2c6ea8c36c89645ce19d4848e595bac3\"},\"headline\":\"Velo d&#8217;Anvers &#8211; voor fietsen in vintage stijl\",\"datePublished\":\"2023-03-29T11:14:22+00:00\",\"dateModified\":\"2024-05-17T12:30:48+00:00\",\"mainEntityOfPage\":{\"@id\":\"https:\\\/\\\/tourderetro.net\\\/velo-danvers-voor-fietsen-in-vintage-stijl\\\/\"},\"wordCount\":503,\"publisher\":{\"@id\":\"https:\\\/\\\/tourderetro.net\\\/#organization\"},\"image\":{\"@id\":\"https:\\\/\\\/tourderetro.net\\\/velo-danvers-voor-fietsen-in-vintage-stijl\\\/#primaryimage\"},\"thumbnailUrl\":\"https:\\\/\\\/tourderetro.net\\\/wp-content\\\/uploads\\\/2023\\\/03\\\/velodanvers_gr.jpg\",\"keywords\":[\"fietswinkel eindhoven\",\"stalen racefiets\",\"vintage fietsen\"],\"articleSection\":[\"2023\",\"SUPPORT\"],\"inLanguage\":\"pl-PL\"},{\"@type\":\"WebPage\",\"@id\":\"https:\\\/\\\/tourderetro.net\\\/velo-danvers-voor-fietsen-in-vintage-stijl\\\/\",\"url\":\"https:\\\/\\\/tourderetro.net\\\/velo-danvers-voor-fietsen-in-vintage-stijl\\\/\",\"name\":\"Velo d'Anvers - voor fietsen in vintage stijl - Tour de Retro\",\"isPartOf\":{\"@id\":\"https:\\\/\\\/tourderetro.net\\\/#website\"},\"primaryImageOfPage\":{\"@id\":\"https:\\\/\\\/tourderetro.net\\\/velo-danvers-voor-fietsen-in-vintage-stijl\\\/#primaryimage\"},\"image\":{\"@id\":\"https:\\\/\\\/tourderetro.net\\\/velo-danvers-voor-fietsen-in-vintage-stijl\\\/#primaryimage\"},\"thumbnailUrl\":\"https:\\\/\\\/tourderetro.net\\\/wp-content\\\/uploads\\\/2023\\\/03\\\/velodanvers_gr.jpg\",\"datePublished\":\"2023-03-29T11:14:22+00:00\",\"dateModified\":\"2024-05-17T12:30:48+00:00\",\"breadcrumb\":{\"@id\":\"https:\\\/\\\/tourderetro.net\\\/velo-danvers-voor-fietsen-in-vintage-stijl\\\/#breadcrumb\"},\"inLanguage\":\"pl-PL\",\"potentialAction\":[{\"@type\":\"ReadAction\",\"target\":[\"https:\\\/\\\/tourderetro.net\\\/velo-danvers-voor-fietsen-in-vintage-stijl\\\/\"]}]},{\"@type\":\"ImageObject\",\"inLanguage\":\"pl-PL\",\"@id\":\"https:\\\/\\\/tourderetro.net\\\/velo-danvers-voor-fietsen-in-vintage-stijl\\\/#primaryimage\",\"url\":\"https:\\\/\\\/tourderetro.net\\\/wp-content\\\/uploads\\\/2023\\\/03\\\/velodanvers_gr.jpg\",\"contentUrl\":\"https:\\\/\\\/tourderetro.net\\\/wp-content\\\/uploads\\\/2023\\\/03\\\/velodanvers_gr.jpg\",\"width\":1475,\"height\":961},{\"@type\":\"BreadcrumbList\",\"@id\":\"https:\\\/\\\/tourderetro.net\\\/velo-danvers-voor-fietsen-in-vintage-stijl\\\/#breadcrumb\",\"itemListElement\":[{\"@type\":\"ListItem\",\"position\":1,\"name\":\"Home\",\"item\":\"https:\\\/\\\/tourderetro.net\\\/\"},{\"@type\":\"ListItem\",\"position\":2,\"name\":\"Velo d&#8217;Anvers &#8211; voor fietsen in vintage stijl\"}]},{\"@type\":\"WebSite\",\"@id\":\"https:\\\/\\\/tourderetro.net\\\/#website\",\"url\":\"https:\\\/\\\/tourderetro.net\\\/\",\"name\":\"Tour de Retro\",\"description\":\"Tour de retro | Wieler-event | Eindhoven\",\"publisher\":{\"@id\":\"https:\\\/\\\/tourderetro.net\\\/#organization\"},\"potentialAction\":[{\"@type\":\"SearchAction\",\"target\":{\"@type\":\"EntryPoint\",\"urlTemplate\":\"https:\\\/\\\/tourderetro.net\\\/?s={search_term_string}\"},\"query-input\":{\"@type\":\"PropertyValueSpecification\",\"valueRequired\":true,\"valueName\":\"search_term_string\"}}],\"inLanguage\":\"pl-PL\"},{\"@type\":\"Organization\",\"@id\":\"https:\\\/\\\/tourderetro.net\\\/#organization\",\"name\":\"Tour de Retro\",\"url\":\"https:\\\/\\\/tourderetro.net\\\/\",\"logo\":{\"@type\":\"ImageObject\",\"inLanguage\":\"pl-PL\",\"@id\":\"https:\\\/\\\/tourderetro.net\\\/#\\\/schema\\\/logo\\\/image\\\/\",\"url\":\"https:\\\/\\\/tourderetro.net\\\/wp-content\\\/uploads\\\/2023\\\/02\\\/Logo_original.png\",\"contentUrl\":\"https:\\\/\\\/tourderetro.net\\\/wp-content\\\/uploads\\\/2023\\\/02\\\/Logo_original.png\",\"width\":500,\"height\":141,\"caption\":\"Tour de Retro\"},\"image\":{\"@id\":\"https:\\\/\\\/tourderetro.net\\\/#\\\/schema\\\/logo\\\/image\\\/\"}},{\"@type\":\"Person\",\"@id\":\"https:\\\/\\\/tourderetro.net\\\/#\\\/schema\\\/person\\\/2c6ea8c36c89645ce19d4848e595bac3\",\"name\":\"Wijtze\",\"image\":{\"@type\":\"ImageObject\",\"inLanguage\":\"pl-PL\",\"@id\":\"https:\\\/\\\/secure.gravatar.com\\\/avatar\\\/4ad6e90fce6b8497d48a6d71d1faddf23d9c0b0b3adce8feb21094677089eb42?s=96&d=mm&r=g\",\"url\":\"https:\\\/\\\/secure.gravatar.com\\\/avatar\\\/4ad6e90fce6b8497d48a6d71d1faddf23d9c0b0b3adce8feb21094677089eb42?s=96&d=mm&r=g\",\"contentUrl\":\"https:\\\/\\\/secure.gravatar.com\\\/avatar\\\/4ad6e90fce6b8497d48a6d71d1faddf23d9c0b0b3adce8feb21094677089eb42?s=96&d=mm&r=g\",\"caption\":\"Wijtze\"},\"url\":\"https:\\\/\\\/tourderetro.net\\\/pl\\\/author\\\/wijtze\\\/\"}]}<\/script>\n<!-- \/ Yoast SEO plugin. -->","yoast_head_json":{"title":"Velo d&#039;Anvers - do kolarstwa w stylu vintage - Tour de Retro","robots":{"index":"index","follow":"follow","max-snippet":"max-snippet:-1","max-image-preview":"max-image-preview:large","max-video-preview":"max-video-preview:-1"},"canonical":"https:\/\/tourderetro.net\/pl\/velo-danvers-do-kolarstwa-w-stylu-vintage\/","og_locale":"pl_PL","og_type":"article","og_title":"Velo d'Anvers - voor fietsen in vintage stijl - Tour de Retro","og_description":"Ben je op zoek naar een unieke vintage fiets die helemaal op maat gemaakt is? Dan moet je bij Velo d&#8217;Anvers zijn! Bij deze fietsenwinkel van Theon Valks, gevestigd in de Machinekamer op Strijp-S, vind je geen standaard fietsen, maar unieke producten. Theon maakt vintage fietsen volledig op maat naar jouw wens, zodat je weer [&hellip;]","og_url":"https:\/\/tourderetro.net\/pl\/velo-danvers-do-kolarstwa-w-stylu-vintage\/","og_site_name":"Tour de Retro","article_published_time":"2023-03-29T11:14:22+00:00","article_modified_time":"2024-05-17T12:30:48+00:00","og_image":[{"width":1475,"height":961,"url":"https:\/\/tourderetro.net\/wp-content\/uploads\/2023\/03\/velodanvers_gr.jpg","type":"image\/jpeg"}],"author":"Wijtze","twitter_card":"summary_large_image","twitter_misc":{"Napisane przez":"Wijtze","Szacowany czas czytania":"3 minuty"},"schema":{"@context":"https:\/\/schema.org","@graph":[{"@type":"Article","@id":"https:\/\/tourderetro.net\/velo-danvers-voor-fietsen-in-vintage-stijl\/#article","isPartOf":{"@id":"https:\/\/tourderetro.net\/velo-danvers-voor-fietsen-in-vintage-stijl\/"},"author":{"name":"Wijtze","@id":"https:\/\/tourderetro.net\/#\/schema\/person\/2c6ea8c36c89645ce19d4848e595bac3"},"headline":"Velo d&#8217;Anvers &#8211; voor fietsen in vintage stijl","datePublished":"2023-03-29T11:14:22+00:00","dateModified":"2024-05-17T12:30:48+00:00","mainEntityOfPage":{"@id":"https:\/\/tourderetro.net\/velo-danvers-voor-fietsen-in-vintage-stijl\/"},"wordCount":503,"publisher":{"@id":"https:\/\/tourderetro.net\/#organization"},"image":{"@id":"https:\/\/tourderetro.net\/velo-danvers-voor-fietsen-in-vintage-stijl\/#primaryimage"},"thumbnailUrl":"https:\/\/tourderetro.net\/wp-content\/uploads\/2023\/03\/velodanvers_gr.jpg","keywords":["fietswinkel eindhoven","stalen racefiets","vintage fietsen"],"articleSection":["2023","SUPPORT"],"inLanguage":"pl-PL"},{"@type":"WebPage","@id":"https:\/\/tourderetro.net\/velo-danvers-voor-fietsen-in-vintage-stijl\/","url":"https:\/\/tourderetro.net\/velo-danvers-voor-fietsen-in-vintage-stijl\/","name":"Velo d&#039;Anvers - do kolarstwa w stylu vintage - Tour de Retro","isPartOf":{"@id":"https:\/\/tourderetro.net\/#website"},"primaryImageOfPage":{"@id":"https:\/\/tourderetro.net\/velo-danvers-voor-fietsen-in-vintage-stijl\/#primaryimage"},"image":{"@id":"https:\/\/tourderetro.net\/velo-danvers-voor-fietsen-in-vintage-stijl\/#primaryimage"},"thumbnailUrl":"https:\/\/tourderetro.net\/wp-content\/uploads\/2023\/03\/velodanvers_gr.jpg","datePublished":"2023-03-29T11:14:22+00:00","dateModified":"2024-05-17T12:30:48+00:00","breadcrumb":{"@id":"https:\/\/tourderetro.net\/velo-danvers-voor-fietsen-in-vintage-stijl\/#breadcrumb"},"inLanguage":"pl-PL","potentialAction":[{"@type":"ReadAction","target":["https:\/\/tourderetro.net\/velo-danvers-voor-fietsen-in-vintage-stijl\/"]}]},{"@type":"ImageObject","inLanguage":"pl-PL","@id":"https:\/\/tourderetro.net\/velo-danvers-voor-fietsen-in-vintage-stijl\/#primaryimage","url":"https:\/\/tourderetro.net\/wp-content\/uploads\/2023\/03\/velodanvers_gr.jpg","contentUrl":"https:\/\/tourderetro.net\/wp-content\/uploads\/2023\/03\/velodanvers_gr.jpg","width":1475,"height":961},{"@type":"BreadcrumbList","@id":"https:\/\/tourderetro.net\/velo-danvers-voor-fietsen-in-vintage-stijl\/#breadcrumb","itemListElement":[{"@type":"ListItem","position":1,"name":"Home","item":"https:\/\/tourderetro.net\/"},{"@type":"ListItem","position":2,"name":"Velo d&#8217;Anvers &#8211; voor fietsen in vintage stijl"}]},{"@type":"WebSite","@id":"https:\/\/tourderetro.net\/#website","url":"https:\/\/tourderetro.net\/","name":"Zwiedzaj retro","description":"Wycieczka retro | Wydarzenie rowerowe | Eindhoven","publisher":{"@id":"https:\/\/tourderetro.net\/#organization"},"potentialAction":[{"@type":"SearchAction","target":{"@type":"EntryPoint","urlTemplate":"https:\/\/tourderetro.net\/?s={search_term_string}"},"query-input":{"@type":"PropertyValueSpecification","valueRequired":true,"valueName":"search_term_string"}}],"inLanguage":"pl-PL"},{"@type":"Organization","@id":"https:\/\/tourderetro.net\/#organization","name":"Zwiedzaj retro","url":"https:\/\/tourderetro.net\/","logo":{"@type":"ImageObject","inLanguage":"pl-PL","@id":"https:\/\/tourderetro.net\/#\/schema\/logo\/image\/","url":"https:\/\/tourderetro.net\/wp-content\/uploads\/2023\/02\/Logo_original.png","contentUrl":"https:\/\/tourderetro.net\/wp-content\/uploads\/2023\/02\/Logo_original.png","width":500,"height":141,"caption":"Tour de Retro"},"image":{"@id":"https:\/\/tourderetro.net\/#\/schema\/logo\/image\/"}},{"@type":"Person","@id":"https:\/\/tourderetro.net\/#\/schema\/person\/2c6ea8c36c89645ce19d4848e595bac3","name":"Wijtze","image":{"@type":"ImageObject","inLanguage":"pl-PL","@id":"https:\/\/secure.gravatar.com\/avatar\/4ad6e90fce6b8497d48a6d71d1faddf23d9c0b0b3adce8feb21094677089eb42?s=96&d=mm&r=g","url":"https:\/\/secure.gravatar.com\/avatar\/4ad6e90fce6b8497d48a6d71d1faddf23d9c0b0b3adce8feb21094677089eb42?s=96&d=mm&r=g","contentUrl":"https:\/\/secure.gravatar.com\/avatar\/4ad6e90fce6b8497d48a6d71d1faddf23d9c0b0b3adce8feb21094677089eb42?s=96&d=mm&r=g","caption":"Wijtze"},"url":"https:\/\/tourderetro.net\/pl\/author\/wijtze\/"}]}},"_links":{"self":[{"href":"https:\/\/tourderetro.net\/pl\/wp-json\/wp\/v2\/posts\/1277","targetHints":{"allow":["GET"]}}],"collection":[{"href":"https:\/\/tourderetro.net\/pl\/wp-json\/wp\/v2\/posts"}],"about":[{"href":"https:\/\/tourderetro.net\/pl\/wp-json\/wp\/v2\/types\/post"}],"author":[{"embeddable":true,"href":"https:\/\/tourderetro.net\/pl\/wp-json\/wp\/v2\/users\/2"}],"replies":[{"embeddable":true,"href":"https:\/\/tourderetro.net\/pl\/wp-json\/wp\/v2\/comments?post=1277"}],"version-history":[{"count":17,"href":"https:\/\/tourderetro.net\/pl\/wp-json\/wp\/v2\/posts\/1277\/revisions"}],"predecessor-version":[{"id":2032,"href":"https:\/\/tourderetro.net\/pl\/wp-json\/wp\/v2\/posts\/1277\/revisions\/2032"}],"wp:featuredmedia":[{"embeddable":true,"href":"https:\/\/tourderetro.net\/pl\/wp-json\/wp\/v2\/media\/2029"}],"wp:attachment":[{"href":"https:\/\/tourderetro.net\/pl\/wp-json\/wp\/v2\/media?parent=1277"}],"wp:term":[{"taxonomy":"category","embeddable":true,"href":"https:\/\/tourderetro.net\/pl\/wp-json\/wp\/v2\/categories?post=1277"},{"taxonomy":"post_tag","embeddable":true,"href":"https:\/\/tourderetro.net\/pl\/wp-json\/wp\/v2\/tags?post=1277"}],"curies":[{"name":"wp","href":"https:\/\/api.w.org\/{rel}","templated":true}]}}