{"id":2611,"date":"2026-08-06T12:18:02","date_gmt":"2026-08-06T10:18:02","guid":{"rendered":"https:\/\/tourderetro.net\/?p=2611"},"modified":"2026-08-07T16:41:44","modified_gmt":"2026-08-07T14:41:44","slug":"tour-de-retro-2026-nouveaux-temps-forts-et-pure-nostalgie-du-cyclisme","status":"publish","type":"post","link":"https:\/\/tourderetro.net\/fr\/tour-de-retro-2026-nieuwe-highlights-en-pure-wielernostalgie\/","title":{"rendered":"Tour de Retro 2026 : Nouveaux moments forts et pure nostalgie du cyclisme !"},"content":{"rendered":"<div data-elementor-type=\"wp-post\" data-elementor-id=\"2611\" class=\"elementor elementor-2611\" data-elementor-post-type=\"post\">\n\t\t\t\t\t\t<section class=\"elementor-section elementor-top-section elementor-element elementor-element-71a8df8b elementor-section-boxed elementor-section-height-default elementor-section-height-default\" data-id=\"71a8df8b\" data-element_type=\"section\" data-e-type=\"section\">\n\t\t\t\t\t\t<div class=\"elementor-container elementor-column-gap-default\">\n\t\t\t\t\t<div class=\"elementor-column elementor-col-100 elementor-top-column elementor-element elementor-element-71c2f385\" data-id=\"71c2f385\" data-element_type=\"column\" data-e-type=\"column\">\n\t\t\t<div class=\"elementor-widget-wrap elementor-element-populated\">\n\t\t\t\t\t\t<div class=\"elementor-element elementor-element-5f98c963 elementor-widget elementor-widget-text-editor\" data-id=\"5f98c963\" data-element_type=\"widget\" data-e-type=\"widget\" data-widget_type=\"text-editor.default\">\n\t\t\t\t<div class=\"elementor-widget-container\">\n\t\t\t\t\t\t\t\t\t<p><em>Enfilez votre maillot de cyclisme r\u00e9tro le dimanche 6 septembre et sortez votre v\u00e9lo de l&#039;\u00e9curie, car <b data-path-to-node=\"3\" data-index-in-node=\"91\">Tour de Retro 2026<\/b> \u00c7a y est\u00a0! Pr\u00e9parez-vous \u00e0 une journ\u00e9e fantastique plac\u00e9e sous le signe de l\u2019hospitalit\u00e9 braban\u00e7onne et du cyclisme en toute authenticit\u00e9. Cette ann\u00e9e, en plus des classiques incontournables, nous avons ajout\u00e9 quelques nouveaut\u00e9s exceptionnelles au programme.<\/em><\/p>\n<h4>Les itin\u00e9raires : 45 km et 75 km<\/h4>\n<p data-path-to-node=\"5\">Comme les ann\u00e9es pr\u00e9c\u00e9dentes, deux magnifiques parcours de 45 et 75 kilom\u00e8tres sont propos\u00e9s. Le c\u0153ur de l&#039;\u00e9v\u00e9nement reste une fois de plus notre base locale\u00a0: <a href=\"https:\/\/www.cyklist.nl\/\" target=\"_blank\" rel=\"noopener\"><b data-path-to-node=\"5\" data-index-in-node=\"147\">Cycling Caf\u00e9 DE CYKLIST<\/b><\/a> Rendez-vous sur le terrain du NRE \u00e0 Eindhoven. Vous \u00eates les bienvenus d\u00e8s 9h15. \u00c0 votre arriv\u00e9e, vous recevrez imm\u00e9diatement un bon pour une boisson et un bon pour un article r\u00e9tro gratuit. Qui vous accueillera chaleureusement\u00a0? Nul autre que Ton Merckx, collectionneur de maillots de cyclisme et guide touristique\u00a0!<\/p>\n<p data-path-to-node=\"5\"><img fetchpriority=\"high\" decoding=\"async\" src=\"https:\/\/tourderetro.net\/wp-content\/uploads\/2026\/08\/tourderetro-sfeer-LR.jpg\" alt=\"Visitez le r\u00e9tro Eindhoven CYKLIST\" width=\"1500\" height=\"845\" \/><\/p>\n<p>\u00a0<\/p>\n<p><!-- \/wp:paragraph --><!-- wp:image {\"id\":1362,\"sizeSlug\":\"full\",\"linkDestination\":\"none\"} --><\/p>\n<figure><\/figure>\n<p><!-- \/wp:image --><\/p>\t\t\t\t\t\t\t\t<\/div>\n\t\t\t\t<\/div>\n\t\t\t\t<div class=\"elementor-element elementor-element-8687b3e elementor-align-center elementor-widget elementor-widget-button\" data-id=\"8687b3e\" data-element_type=\"widget\" data-e-type=\"widget\" data-widget_type=\"button.default\">\n\t\t\t\t<div class=\"elementor-widget-container\">\n\t\t\t\t\t\t\t\t\t<div class=\"elementor-button-wrapper\">\n\t\t\t\t\t<a class=\"elementor-button elementor-button-link elementor-size-sm\" href=\"https:\/\/tourderetro.net\/fr\/sinscrire\/\">\n\t\t\t\t\t\t<span class=\"elementor-button-content-wrapper\">\n\t\t\t\t\t\t\t\t\t<span class=\"elementor-button-text\">&gt;&gt; INSCRIVEZ-VOUS MAINTENANT &gt;&gt;<\/span>\n\t\t\t\t\t<\/span>\n\t\t\t\t\t<\/a>\n\t\t\t\t<\/div>\n\t\t\t\t\t\t\t\t<\/div>\n\t\t\t\t<\/div>\n\t\t\t\t<div class=\"elementor-element elementor-element-7b670a3 elementor-widget elementor-widget-text-editor\" data-id=\"7b670a3\" data-element_type=\"widget\" data-e-type=\"widget\" data-widget_type=\"text-editor.default\">\n\t\t\t\t<div class=\"elementor-widget-container\">\n\t\t\t\t\t\t\t\t\t<p>\u00a0<\/p>\n<p data-path-to-node=\"6\">Ton Merckx a une fois de plus am\u00e9nag\u00e9 des itin\u00e9raires parfaitement balis\u00e9s. Vous p\u00e9dalerez \u00e0 travers les paysages \u00e9poustouflants du parc naturel frontalier de De Groote Heide, le long de routes de campagne sinueuses, en passant par des for\u00eats paisibles, de vastes landes et de charmants villages comme Maarheeze. L&#039;enthousiasme ayant \u00e9t\u00e9 g\u00e9n\u00e9ral l&#039;an dernier, nous ferons \u00e0 nouveau halte cette ann\u00e9e dans le confortable [nom du lieu] pour la pause. <a href=\"https:\/\/www.borrelbarkikkerop.nl\/\" target=\"_blank\" rel=\"noopener\"><b data-path-to-node=\"6\" data-index-in-node=\"369\">Caf\u00e9-boissons\/Caf\u00e9 cycliste KIKKEROP<\/b><\/a>. L&#039;endroit id\u00e9al pour reprendre son souffle avec style !<\/p>\n<p><img decoding=\"async\" src=\"https:\/\/tourderetro.net\/wp-content\/uploads\/2026\/08\/TOURDERETRO-2025-Wilercafe-Kikkerop-1024x611.jpg\" alt=\"Caf\u00e9 cycliste Kikkerop\" width=\"800\" height=\"477\" \/><\/p>\n<h4>L&#039;\u00e9v\u00e9nement r\u00e9tro chez De Cyklist<\/h4>\n<p data-path-to-node=\"9\">Cette ann\u00e9e, on met le paquet sur notre site de d\u00e9part et d&#039;arriv\u00e9e ! Dans un tout nouvel espace <b data-path-to-node=\"9\" data-index-in-node=\"87\">\u2018La permanence\u2019<\/b> Chez De Cyklist, l&#039;\u00e9trange collection de maillots de cyclisme est mise en avant. <a href=\"https:\/\/tourderetro.net\/fr\/vintage-cycling-shirts-collection-ton-merckx-historical-racing-bikes\/\" target=\"_blank\" rel=\"noopener\"><strong>Ton Merckx (\u00e0 ce jour, plus de 3 000 exemplaires uniques !)<\/strong><\/a> La pr\u00e9sentation qu&#039;elle m\u00e9rite. Derri\u00e8re chaque chemise se cache une belle histoire.<\/p>\n<p data-path-to-node=\"10\">Dans \u2018\u00a0De Permanence\u00a0\u2019, vous trouverez \u00e9galement <b data-path-to-node=\"10\" data-index-in-node=\"34\">Magasin d&#039;usine de maillots de cyclisme r\u00e9tro<\/b>, Des exemplaires remplis de coupons et d&#039;\u00e9chantillons \u00e0 prix d\u00e9risoire. Mieux encore\u00a0: gr\u00e2ce au bon d&#039;achat re\u00e7u \u00e0 l&#039;inscription, vous pouvez en choisir un ici, enti\u00e8rement gratuit\u00a0!<\/p>\n<p><!-- \/wp:paragraph --><!-- wp:image {\"id\":1362,\"sizeSlug\":\"full\",\"linkDestination\":\"none\"} --><\/p>\n<figure><\/figure>\n<p><!-- \/wp:image --><\/p>\t\t\t\t\t\t\t\t<\/div>\n\t\t\t\t<\/div>\n\t\t\t\t<div class=\"elementor-element elementor-element-ce4196d elementor-align-center elementor-widget elementor-widget-button\" data-id=\"ce4196d\" data-element_type=\"widget\" data-e-type=\"widget\" data-widget_type=\"button.default\">\n\t\t\t\t<div class=\"elementor-widget-container\">\n\t\t\t\t\t\t\t\t\t<div class=\"elementor-button-wrapper\">\n\t\t\t\t\t<a class=\"elementor-button elementor-button-link elementor-size-sm\" href=\"https:\/\/tourderetro.net\/fr\/sinscrire\/\">\n\t\t\t\t\t\t<span class=\"elementor-button-content-wrapper\">\n\t\t\t\t\t\t\t\t\t<span class=\"elementor-button-text\">&gt;&gt; INSCRIVEZ-VOUS MAINTENANT &gt;&gt;<\/span>\n\t\t\t\t\t<\/span>\n\t\t\t\t\t<\/a>\n\t\t\t\t<\/div>\n\t\t\t\t\t\t\t\t<\/div>\n\t\t\t\t<\/div>\n\t\t\t\t<div class=\"elementor-element elementor-element-3dbbc5a elementor-widget elementor-widget-text-editor\" data-id=\"3dbbc5a\" data-element_type=\"widget\" data-e-type=\"widget\" data-widget_type=\"text-editor.default\">\n\t\t\t\t<div class=\"elementor-widget-container\">\n\t\t\t\t\t\t\t\t\t<h4><strong>\u00a0Deux expositions sp\u00e9ciales<\/strong><\/h4>\n<p><img decoding=\"async\" src=\"https:\/\/tourderetro.net\/wp-content\/uploads\/2026\/08\/grootels-bouwmij-wielerploeg-1024x628.jpg\" alt=\"\u00c9quipe cycliste Grootels-Bouwmij Eindhoven\" width=\"800\" height=\"491\" \/><\/p>\n<ul data-path-to-node=\"12\">\n<li>\n<p data-path-to-node=\"12,0,0\"><b data-path-to-node=\"12,0,0\" data-index-in-node=\"0\">Le cyclisme dans les ann\u00e9es 60 et 70<\/b>Une magnifique exposition photo sur le cyclisme local d&#039;antan. Gr\u00e2ce \u00e0 Piet Gijsbers (auteur de De Wielerspiegel), nous retra\u00e7ons avec brio la riche histoire du cyclisme de ces d\u00e9cennies. Pour en savoir plus, consultez notre blog. <strong><a href=\"https:\/\/tourderetro.net\/fr\/exposition-de-photos-de-cyclisme-des-annees-1960-1970\/\">Exposition photo \u2013 Le cyclisme des ann\u00e9es soixante et soixante-dix<\/a> .<\/strong><\/p>\n<\/li>\n<li>\n<p data-path-to-node=\"12,1,0\"><b data-path-to-node=\"12,1,0\" data-index-in-node=\"0\">\u2018LE MANQU\u00c9 ROND\u2019<\/b>Une exposition sur le ph\u00e9nom\u00e8ne du \u00ab\u00a0coup de chance\u00a0\u00bb. Bien que ce sujet fasse aujourd&#039;hui l&#039;objet de d\u00e9bats l\u00e9gitimes en raison de l&#039;\u00e9volution des mentalit\u00e9s sur l&#039;\u00e9galit\u00e9, nous le revenons dans cette exposition avec un clin d&#039;\u0153il historique subtil. Pour en savoir plus, consultez notre blog. <strong><a href=\"https:\/\/tourderetro.net\/fr\/la-jeune-femme-du-tour-de-france-sous-les-projecteurs-de-la-palme-au-baiser-galerie\/\">La Ronde Miss au microscope : de la palme au baiser galerie<\/a><\/strong> .<\/p>\n<\/li>\n<\/ul>\n<p><img loading=\"lazy\" decoding=\"async\" class=\"wp-image-2617 size-large alignnone\" src=\"https:\/\/tourderetro.net\/wp-content\/uploads\/2026\/08\/Ronde-van-Nederland-rondemiss-wordt-gekust-door-winnaar-Pug-1955-LR-1024x661.jpg\" alt=\"Ronde Miss - 1955\" width=\"800\" height=\"516\" srcset=\"https:\/\/tourderetro.net\/wp-content\/uploads\/2026\/08\/Ronde-van-Nederland-rondemiss-wordt-gekust-door-winnaar-Pug-1955-LR-1024x661.jpg 1024w, https:\/\/tourderetro.net\/wp-content\/uploads\/2026\/08\/Ronde-van-Nederland-rondemiss-wordt-gekust-door-winnaar-Pug-1955-LR-300x194.jpg 300w, https:\/\/tourderetro.net\/wp-content\/uploads\/2026\/08\/Ronde-van-Nederland-rondemiss-wordt-gekust-door-winnaar-Pug-1955-LR-768x496.jpg 768w, https:\/\/tourderetro.net\/wp-content\/uploads\/2026\/08\/Ronde-van-Nederland-rondemiss-wordt-gekust-door-winnaar-Pug-1955-LR-1536x992.jpg 1536w, https:\/\/tourderetro.net\/wp-content\/uploads\/2026\/08\/Ronde-van-Nederland-rondemiss-wordt-gekust-door-winnaar-Pug-1955-LR-2048x1323.jpg 2048w, https:\/\/tourderetro.net\/wp-content\/uploads\/2026\/08\/Ronde-van-Nederland-rondemiss-wordt-gekust-door-winnaar-Pug-1955-LR-18x12.jpg 18w\" sizes=\"(max-width: 800px) 100vw, 800px\" \/><\/p>\n<p>\u00a0<\/p>\n<p><!-- \/wp:paragraph --><!-- wp:image {\"id\":1362,\"sizeSlug\":\"full\",\"linkDestination\":\"none\"} --><\/p>\n<figure><\/figure>\n<p><!-- \/wp:image --><\/p>\t\t\t\t\t\t\t\t<\/div>\n\t\t\t\t<\/div>\n\t\t\t\t<div class=\"elementor-element elementor-element-38f78af elementor-align-center elementor-widget elementor-widget-button\" data-id=\"38f78af\" data-element_type=\"widget\" data-e-type=\"widget\" data-widget_type=\"button.default\">\n\t\t\t\t<div class=\"elementor-widget-container\">\n\t\t\t\t\t\t\t\t\t<div class=\"elementor-button-wrapper\">\n\t\t\t\t\t<a class=\"elementor-button elementor-button-link elementor-size-sm\" href=\"https:\/\/tourderetro.net\/fr\/sinscrire\/\">\n\t\t\t\t\t\t<span class=\"elementor-button-content-wrapper\">\n\t\t\t\t\t\t\t\t\t<span class=\"elementor-button-text\">&gt;&gt; INSCRIVEZ-VOUS MAINTENANT &gt;&gt;<\/span>\n\t\t\t\t\t<\/span>\n\t\t\t\t\t<\/a>\n\t\t\t\t<\/div>\n\t\t\t\t\t\t\t\t<\/div>\n\t\t\t\t<\/div>\n\t\t\t\t<div class=\"elementor-element elementor-element-80cf690 elementor-widget elementor-widget-text-editor\" data-id=\"80cf690\" data-element_type=\"widget\" data-e-type=\"widget\" data-widget_type=\"text-editor.default\">\n\t\t\t\t<div class=\"elementor-widget-container\">\n\t\t\t\t\t\t\t\t\t<h3 data-path-to-node=\"14\">Les temps forts du Tour de Retro 2026 en un coup d&#039;\u0153il\u00a0:<\/h3>\n<p data-path-to-node=\"15\">En plus de tout ce qui pr\u00e9c\u00e8de, vous ne devez \u00e9videmment pas manquer ceci non plus\u00a0:<\/p>\n<ul data-path-to-node=\"16\">\n<li>\n<p data-path-to-node=\"16,0,0\">Beau <a href=\"https:\/\/tourderetro.net\/fr\/informations-sur-litineraire\/\"><b data-path-to-node=\"16,0,0\" data-index-in-node=\"10\">ITIN\u00c9RAIRES BALIS\u00c9S<\/b><\/a> \u00e0 travers la campagne du Brabant (trac\u00e9 GPS inclus dans votre e-mail une semaine \u00e0 l&#039;avance).<\/p>\n<\/li>\n<li>\n<p data-path-to-node=\"16,1,0\">Un bon pour un <b data-path-to-node=\"16,1,0\" data-index-in-node=\"17\">MAILLOT DE CYCLISME R\u00c9TRO GRATUIT<\/b> \u00e0 choisir dans le magasin d&#039;usine !<\/p>\n<\/li>\n<li>\n<p data-path-to-node=\"16,2,0\"><b data-path-to-node=\"16,2,0\" data-index-in-node=\"0\">CODE DE R\u00c9DUCTION de 7,50 \u20ac<\/b> abeille <a href=\"http:\/\/tonmerckxwielershirts.nl\" target=\"_blank\" rel=\"noopener\">tonmerckxwielershirts.nl<\/a> (Des r\u00e9pliques sont disponibles \u00e0 titre d&#039;exemples).<\/p>\n<\/li>\n<li>\n<p data-path-to-node=\"16,3,0\">D\u00e9licieux <b data-path-to-node=\"16,3,0\" data-index-in-node=\"10\">BITES ET BYTES<\/b> au Wielercaf\u00e9 De Cyklist &amp; Wielercaf\u00e9 Kikkerop.<\/p>\n<\/li>\n<li>\n<p data-path-to-node=\"16,4,0\">Navigation dans le <b data-path-to-node=\"16,4,0\" data-index-in-node=\"16\">MAILLOTS DE CYCLISME R\u00c9TRO<\/b> \u2013 des chemises historiques \u00e0 petit prix.<\/p>\n<\/li>\n<li>\n<p data-path-to-node=\"16,5,0\">Atmosph\u00e9rique <b data-path-to-node=\"16,5,0\" data-index-in-node=\"11\">TOURN\u00c9E DE THEN Music<\/b>.<\/p>\n<\/li>\n<li>\n<p data-path-to-node=\"16,6,0\">Exposition de chemises historiques originales issues de la collection de Ton Merckx.<\/p>\n<\/li>\n<li>\n<p data-path-to-node=\"16,7,0\">Expositions photographiques : <a href=\"https:\/\/tourderetro.net\/fr\/exposition-de-photos-de-cyclisme-des-annees-1960-1970\/\"><b data-path-to-node=\"16,7,0\" data-index-in-node=\"17\">Ann\u00e9es 1960 et 1970<\/b><\/a> et <a href=\"https:\/\/tourderetro.net\/fr\/la-jeune-femme-du-tour-de-france-sous-les-projecteurs-de-la-palme-au-baiser-galerie\/\"><b data-path-to-node=\"16,7,0\" data-index-in-node=\"36\">\u2018LE MANQU\u00c9 ROND\u2019<\/b><\/a>.<\/p>\n<\/li>\n<li>\n<p data-path-to-node=\"16,8,0\">Prix int\u00e9ressants pour le <b data-path-to-node=\"16,8,0\" data-index-in-node=\"23\">LE PLUS BEAU V\u00c9LO<\/b> et le <b data-path-to-node=\"16,8,0\" data-index-in-node=\"43\">LA PLUS BELLE TENUE R\u00c9TRO<\/b>.<\/p>\n<\/li>\n<li>\n<p data-path-to-node=\"16,9,0\">Acc\u00e8s gratuit \u00e0 <a href=\"https:\/\/tourderetro.net\/fr\/histoire-du-cyclisme-bert-oosterbosch\/\"><b data-path-to-node=\"16,9,0\" data-index-in-node=\"23\">Mus\u00e9e du cyclisme Bert Oosterbosch<\/b><\/a>.<\/p>\n<\/li>\n<\/ul>\n<p data-path-to-node=\"17\"><em><strong>Soyez au rendez-vous et c\u00e9l\u00e9brez l&#039;histoire du cyclisme avec nous\u00a0! \u00c0 bient\u00f4t\u00a0!<\/strong><\/em><\/p>\n<p><!-- \/wp:paragraph --><!-- wp:paragraph --><\/p>\n<p><!-- \/wp:paragraph --><!-- wp:image {\"align\":\"center\",\"id\":1361,\"sizeSlug\":\"full\",\"linkDestination\":\"none\"} --><\/p>\n<p><!-- \/wp:image --><!-- wp:paragraph --><\/p>\n<p><!-- \/wp:paragraph --><!-- wp:paragraph --><\/p>\n<p><img loading=\"lazy\" decoding=\"async\" src=\"https:\/\/tourderetro.net\/wp-content\/uploads\/2024\/05\/Ton-Mercks-Tour_de_retro_2023-3-scaled-1-967x1024.jpg\" alt=\"Ton Merckx distribue des num\u00e9ros aux participants\" width=\"800\" height=\"847\" \/><\/p>\n<p>Collectionneur de maillots de cyclisme et pilier du cyclisme \u2013 Ton Merckx<\/p>\n<p>\u00a0<\/p>\n<p><!-- \/wp:paragraph --><!-- wp:image {\"id\":1362,\"sizeSlug\":\"full\",\"linkDestination\":\"none\"} --><\/p>\n<figure><\/figure>\n<p><!-- \/wp:image --><\/p>\t\t\t\t\t\t\t\t<\/div>\n\t\t\t\t<\/div>\n\t\t\t\t<div class=\"elementor-element elementor-element-ecf5d9e elementor-align-center elementor-widget elementor-widget-button\" data-id=\"ecf5d9e\" data-element_type=\"widget\" data-e-type=\"widget\" data-widget_type=\"button.default\">\n\t\t\t\t<div class=\"elementor-widget-container\">\n\t\t\t\t\t\t\t\t\t<div class=\"elementor-button-wrapper\">\n\t\t\t\t\t<a class=\"elementor-button elementor-button-link elementor-size-sm\" href=\"https:\/\/tourderetro.net\/fr\/sinscrire\/\">\n\t\t\t\t\t\t<span class=\"elementor-button-content-wrapper\">\n\t\t\t\t\t\t\t\t\t<span class=\"elementor-button-text\">&gt;&gt; INSCRIVEZ-VOUS MAINTENANT &gt;&gt;<\/span>\n\t\t\t\t\t<\/span>\n\t\t\t\t\t<\/a>\n\t\t\t\t<\/div>\n\t\t\t\t\t\t\t\t<\/div>\n\t\t\t\t<\/div>\n\t\t\t\t\t<\/div>\n\t\t<\/div>\n\t\t\t\t\t<\/div>\n\t\t<\/section>\n\t\t<div class=\"elementor-element elementor-element-7358ed7 e-flex e-con-boxed e-con e-parent\" data-id=\"7358ed7\" data-element_type=\"container\" data-e-type=\"container\">\n\t\t\t\t\t<div class=\"e-con-inner\">\n\t\t\t\t\t<\/div>\n\t\t\t\t<\/div>\n\t\t\t\t<\/div>","protected":false},"excerpt":{"rendered":"<p>Trek Zondag 6 september je retro koerstrui aan en van je stalen ros van stal, want Tour de Retro 2026 gaat van start! Bereid je voor op een fantastische dag vol Brabantse gemoedelijkheid en pure wielerromantiek. Dit jaar hebben we naast de vertrouwde klassiekers ook een paar geweldige vernieuwingen op het programma staan.. De Routes: [&hellip;]<\/p>\n","protected":false},"author":2,"featured_media":2627,"comment_status":"closed","ping_status":"closed","sticky":false,"template":"","format":"standard","meta":{"_acf_changed":false,"footnotes":""},"categories":[5],"tags":[],"class_list":["post-2611","post","type-post","status-publish","format-standard","has-post-thumbnail","hentry","category-tourtochten"],"acf":[],"yoast_head":"<!-- This site is optimized with the Yoast SEO plugin v28.3 - https:\/\/yoast.com\/product\/yoast-seo-wordpress\/ -->\n<title>Tour de Retro 2026: Nieuwe Highlights en Pure Wielernostalgie! - Tour de Retro<\/title>\n<meta name=\"robots\" content=\"index, follow, max-snippet:-1, max-image-preview:large, max-video-preview:-1\" \/>\n<link rel=\"canonical\" href=\"https:\/\/tourderetro.net\/fr\/tour-de-retro-2026-nouveaux-temps-forts-et-pure-nostalgie-du-cyclisme\/\" \/>\n<meta property=\"og:locale\" content=\"fr_FR\" \/>\n<meta property=\"og:type\" content=\"article\" \/>\n<meta property=\"og:title\" content=\"Tour de Retro 2026: Nieuwe Highlights en Pure Wielernostalgie! - Tour de Retro\" \/>\n<meta property=\"og:description\" content=\"Trek Zondag 6 september je retro koerstrui aan en van je stalen ros van stal, want Tour de Retro 2026 gaat van start! Bereid je voor op een fantastische dag vol Brabantse gemoedelijkheid en pure wielerromantiek. Dit jaar hebben we naast de vertrouwde klassiekers ook een paar geweldige vernieuwingen op het programma staan.. De Routes: [&hellip;]\" \/>\n<meta property=\"og:url\" content=\"https:\/\/tourderetro.net\/fr\/tour-de-retro-2026-nouveaux-temps-forts-et-pure-nostalgie-du-cyclisme\/\" \/>\n<meta property=\"og:site_name\" content=\"Tour de Retro\" \/>\n<meta property=\"article:published_time\" content=\"2026-08-06T10:18:02+00:00\" \/>\n<meta property=\"article:modified_time\" content=\"2026-08-07T14:41:44+00:00\" \/>\n<meta property=\"og:image\" content=\"https:\/\/tourderetro.net\/wp-content\/uploads\/2026\/08\/outlet.jpg\" \/>\n\t<meta property=\"og:image:width\" content=\"1628\" \/>\n\t<meta property=\"og:image:height\" content=\"918\" \/>\n\t<meta property=\"og:image:type\" content=\"image\/jpeg\" \/>\n<meta name=\"author\" content=\"Wijtze\" \/>\n<meta name=\"twitter:card\" content=\"summary_large_image\" \/>\n<meta name=\"twitter:label1\" content=\"\u00c9crit par\" \/>\n\t<meta name=\"twitter:data1\" content=\"Wijtze\" \/>\n\t<meta name=\"twitter:label2\" content=\"Dur\u00e9e de lecture estim\u00e9e\" \/>\n\t<meta name=\"twitter:data2\" content=\"4 minutes\" \/>\n<script type=\"application\/ld+json\" class=\"yoast-schema-graph\">{\"@context\":\"https:\\\/\\\/schema.org\",\"@graph\":[{\"@type\":\"Article\",\"@id\":\"https:\\\/\\\/tourderetro.net\\\/tour-de-retro-2026-nieuwe-highlights-en-pure-wielernostalgie\\\/#article\",\"isPartOf\":{\"@id\":\"https:\\\/\\\/tourderetro.net\\\/tour-de-retro-2026-nieuwe-highlights-en-pure-wielernostalgie\\\/\"},\"author\":{\"name\":\"Wijtze\",\"@id\":\"https:\\\/\\\/tourderetro.net\\\/#\\\/schema\\\/person\\\/2c6ea8c36c89645ce19d4848e595bac3\"},\"headline\":\"Tour de Retro 2026: Nieuwe Highlights en Pure Wielernostalgie!\",\"datePublished\":\"2026-08-06T10:18:02+00:00\",\"dateModified\":\"2026-08-07T14:41:44+00:00\",\"mainEntityOfPage\":{\"@id\":\"https:\\\/\\\/tourderetro.net\\\/tour-de-retro-2026-nieuwe-highlights-en-pure-wielernostalgie\\\/\"},\"wordCount\":563,\"publisher\":{\"@id\":\"https:\\\/\\\/tourderetro.net\\\/#organization\"},\"image\":{\"@id\":\"https:\\\/\\\/tourderetro.net\\\/tour-de-retro-2026-nieuwe-highlights-en-pure-wielernostalgie\\\/#primaryimage\"},\"thumbnailUrl\":\"https:\\\/\\\/tourderetro.net\\\/wp-content\\\/uploads\\\/2026\\\/08\\\/outlet.jpg\",\"articleSection\":[\"TOERTOCHTEN\"],\"inLanguage\":\"fr-FR\"},{\"@type\":\"WebPage\",\"@id\":\"https:\\\/\\\/tourderetro.net\\\/tour-de-retro-2026-nieuwe-highlights-en-pure-wielernostalgie\\\/\",\"url\":\"https:\\\/\\\/tourderetro.net\\\/tour-de-retro-2026-nieuwe-highlights-en-pure-wielernostalgie\\\/\",\"name\":\"Tour de Retro 2026: Nieuwe Highlights en Pure Wielernostalgie! - Tour de Retro\",\"isPartOf\":{\"@id\":\"https:\\\/\\\/tourderetro.net\\\/#website\"},\"primaryImageOfPage\":{\"@id\":\"https:\\\/\\\/tourderetro.net\\\/tour-de-retro-2026-nieuwe-highlights-en-pure-wielernostalgie\\\/#primaryimage\"},\"image\":{\"@id\":\"https:\\\/\\\/tourderetro.net\\\/tour-de-retro-2026-nieuwe-highlights-en-pure-wielernostalgie\\\/#primaryimage\"},\"thumbnailUrl\":\"https:\\\/\\\/tourderetro.net\\\/wp-content\\\/uploads\\\/2026\\\/08\\\/outlet.jpg\",\"datePublished\":\"2026-08-06T10:18:02+00:00\",\"dateModified\":\"2026-08-07T14:41:44+00:00\",\"breadcrumb\":{\"@id\":\"https:\\\/\\\/tourderetro.net\\\/tour-de-retro-2026-nieuwe-highlights-en-pure-wielernostalgie\\\/#breadcrumb\"},\"inLanguage\":\"fr-FR\",\"potentialAction\":[{\"@type\":\"ReadAction\",\"target\":[\"https:\\\/\\\/tourderetro.net\\\/tour-de-retro-2026-nieuwe-highlights-en-pure-wielernostalgie\\\/\"]}]},{\"@type\":\"ImageObject\",\"inLanguage\":\"fr-FR\",\"@id\":\"https:\\\/\\\/tourderetro.net\\\/tour-de-retro-2026-nieuwe-highlights-en-pure-wielernostalgie\\\/#primaryimage\",\"url\":\"https:\\\/\\\/tourderetro.net\\\/wp-content\\\/uploads\\\/2026\\\/08\\\/outlet.jpg\",\"contentUrl\":\"https:\\\/\\\/tourderetro.net\\\/wp-content\\\/uploads\\\/2026\\\/08\\\/outlet.jpg\",\"width\":1628,\"height\":918,\"caption\":\"Tour de Retro 2026\"},{\"@type\":\"BreadcrumbList\",\"@id\":\"https:\\\/\\\/tourderetro.net\\\/tour-de-retro-2026-nieuwe-highlights-en-pure-wielernostalgie\\\/#breadcrumb\",\"itemListElement\":[{\"@type\":\"ListItem\",\"position\":1,\"name\":\"Home\",\"item\":\"https:\\\/\\\/tourderetro.net\\\/\"},{\"@type\":\"ListItem\",\"position\":2,\"name\":\"Tour de Retro 2026: Nieuwe Highlights en Pure Wielernostalgie!\"}]},{\"@type\":\"WebSite\",\"@id\":\"https:\\\/\\\/tourderetro.net\\\/#website\",\"url\":\"https:\\\/\\\/tourderetro.net\\\/\",\"name\":\"Tour de Retro\",\"description\":\"Tour de retro | Wieler-event | Eindhoven\",\"publisher\":{\"@id\":\"https:\\\/\\\/tourderetro.net\\\/#organization\"},\"potentialAction\":[{\"@type\":\"SearchAction\",\"target\":{\"@type\":\"EntryPoint\",\"urlTemplate\":\"https:\\\/\\\/tourderetro.net\\\/?s={search_term_string}\"},\"query-input\":{\"@type\":\"PropertyValueSpecification\",\"valueRequired\":true,\"valueName\":\"search_term_string\"}}],\"inLanguage\":\"fr-FR\"},{\"@type\":\"Organization\",\"@id\":\"https:\\\/\\\/tourderetro.net\\\/#organization\",\"name\":\"Tour de Retro\",\"url\":\"https:\\\/\\\/tourderetro.net\\\/\",\"logo\":{\"@type\":\"ImageObject\",\"inLanguage\":\"fr-FR\",\"@id\":\"https:\\\/\\\/tourderetro.net\\\/#\\\/schema\\\/logo\\\/image\\\/\",\"url\":\"https:\\\/\\\/tourderetro.net\\\/wp-content\\\/uploads\\\/2023\\\/02\\\/Logo_original.png\",\"contentUrl\":\"https:\\\/\\\/tourderetro.net\\\/wp-content\\\/uploads\\\/2023\\\/02\\\/Logo_original.png\",\"width\":500,\"height\":141,\"caption\":\"Tour de Retro\"},\"image\":{\"@id\":\"https:\\\/\\\/tourderetro.net\\\/#\\\/schema\\\/logo\\\/image\\\/\"}},{\"@type\":\"Person\",\"@id\":\"https:\\\/\\\/tourderetro.net\\\/#\\\/schema\\\/person\\\/2c6ea8c36c89645ce19d4848e595bac3\",\"name\":\"Wijtze\",\"image\":{\"@type\":\"ImageObject\",\"inLanguage\":\"fr-FR\",\"@id\":\"https:\\\/\\\/tourderetro.net\\\/wp-content\\\/litespeed\\\/avatar\\\/5c87fdb84091eadd8367c99173951830.jpg?ver=1787925228\",\"url\":\"https:\\\/\\\/tourderetro.net\\\/wp-content\\\/litespeed\\\/avatar\\\/5c87fdb84091eadd8367c99173951830.jpg?ver=1787925228\",\"contentUrl\":\"https:\\\/\\\/tourderetro.net\\\/wp-content\\\/litespeed\\\/avatar\\\/5c87fdb84091eadd8367c99173951830.jpg?ver=1787925228\",\"caption\":\"Wijtze\"},\"url\":\"https:\\\/\\\/tourderetro.net\\\/fr\\\/author\\\/wijtze\\\/\"}]}<\/script>\n<!-- \/ Yoast SEO plugin. -->","yoast_head_json":{"title":"Tour de Retro 2026\u00a0: Nouveaux temps forts et pure nostalgie cycliste\u00a0!","robots":{"index":"index","follow":"follow","max-snippet":"max-snippet:-1","max-image-preview":"max-image-preview:large","max-video-preview":"max-video-preview:-1"},"canonical":"https:\/\/tourderetro.net\/fr\/tour-de-retro-2026-nouveaux-temps-forts-et-pure-nostalgie-du-cyclisme\/","og_locale":"fr_FR","og_type":"article","og_title":"Tour de Retro 2026: Nieuwe Highlights en Pure Wielernostalgie! - Tour de Retro","og_description":"Trek Zondag 6 september je retro koerstrui aan en van je stalen ros van stal, want Tour de Retro 2026 gaat van start! Bereid je voor op een fantastische dag vol Brabantse gemoedelijkheid en pure wielerromantiek. Dit jaar hebben we naast de vertrouwde klassiekers ook een paar geweldige vernieuwingen op het programma staan.. De Routes: [&hellip;]","og_url":"https:\/\/tourderetro.net\/fr\/tour-de-retro-2026-nouveaux-temps-forts-et-pure-nostalgie-du-cyclisme\/","og_site_name":"Tour de Retro","article_published_time":"2026-08-06T10:18:02+00:00","article_modified_time":"2026-08-07T14:41:44+00:00","og_image":[{"width":1628,"height":918,"url":"https:\/\/tourderetro.net\/wp-content\/uploads\/2026\/08\/outlet.jpg","type":"image\/jpeg"}],"author":"Wijtze","twitter_card":"summary_large_image","twitter_misc":{"\u00c9crit par":"Wijtze","Dur\u00e9e de lecture estim\u00e9e":"4 minutes"},"schema":{"@context":"https:\/\/schema.org","@graph":[{"@type":"Article","@id":"https:\/\/tourderetro.net\/tour-de-retro-2026-nieuwe-highlights-en-pure-wielernostalgie\/#article","isPartOf":{"@id":"https:\/\/tourderetro.net\/tour-de-retro-2026-nieuwe-highlights-en-pure-wielernostalgie\/"},"author":{"name":"Wijtze","@id":"https:\/\/tourderetro.net\/#\/schema\/person\/2c6ea8c36c89645ce19d4848e595bac3"},"headline":"Tour de Retro 2026: Nieuwe Highlights en Pure Wielernostalgie!","datePublished":"2026-08-06T10:18:02+00:00","dateModified":"2026-08-07T14:41:44+00:00","mainEntityOfPage":{"@id":"https:\/\/tourderetro.net\/tour-de-retro-2026-nieuwe-highlights-en-pure-wielernostalgie\/"},"wordCount":563,"publisher":{"@id":"https:\/\/tourderetro.net\/#organization"},"image":{"@id":"https:\/\/tourderetro.net\/tour-de-retro-2026-nieuwe-highlights-en-pure-wielernostalgie\/#primaryimage"},"thumbnailUrl":"https:\/\/tourderetro.net\/wp-content\/uploads\/2026\/08\/outlet.jpg","articleSection":["TOERTOCHTEN"],"inLanguage":"fr-FR"},{"@type":"WebPage","@id":"https:\/\/tourderetro.net\/tour-de-retro-2026-nieuwe-highlights-en-pure-wielernostalgie\/","url":"https:\/\/tourderetro.net\/tour-de-retro-2026-nieuwe-highlights-en-pure-wielernostalgie\/","name":"Tour de Retro 2026\u00a0: Nouveaux temps forts et pure nostalgie cycliste\u00a0!","isPartOf":{"@id":"https:\/\/tourderetro.net\/#website"},"primaryImageOfPage":{"@id":"https:\/\/tourderetro.net\/tour-de-retro-2026-nieuwe-highlights-en-pure-wielernostalgie\/#primaryimage"},"image":{"@id":"https:\/\/tourderetro.net\/tour-de-retro-2026-nieuwe-highlights-en-pure-wielernostalgie\/#primaryimage"},"thumbnailUrl":"https:\/\/tourderetro.net\/wp-content\/uploads\/2026\/08\/outlet.jpg","datePublished":"2026-08-06T10:18:02+00:00","dateModified":"2026-08-07T14:41:44+00:00","breadcrumb":{"@id":"https:\/\/tourderetro.net\/tour-de-retro-2026-nieuwe-highlights-en-pure-wielernostalgie\/#breadcrumb"},"inLanguage":"fr-FR","potentialAction":[{"@type":"ReadAction","target":["https:\/\/tourderetro.net\/tour-de-retro-2026-nieuwe-highlights-en-pure-wielernostalgie\/"]}]},{"@type":"ImageObject","inLanguage":"fr-FR","@id":"https:\/\/tourderetro.net\/tour-de-retro-2026-nieuwe-highlights-en-pure-wielernostalgie\/#primaryimage","url":"https:\/\/tourderetro.net\/wp-content\/uploads\/2026\/08\/outlet.jpg","contentUrl":"https:\/\/tourderetro.net\/wp-content\/uploads\/2026\/08\/outlet.jpg","width":1628,"height":918,"caption":"Tour de Retro 2026"},{"@type":"BreadcrumbList","@id":"https:\/\/tourderetro.net\/tour-de-retro-2026-nieuwe-highlights-en-pure-wielernostalgie\/#breadcrumb","itemListElement":[{"@type":"ListItem","position":1,"name":"Home","item":"https:\/\/tourderetro.net\/"},{"@type":"ListItem","position":2,"name":"Tour de Retro 2026: Nieuwe Highlights en Pure Wielernostalgie!"}]},{"@type":"WebSite","@id":"https:\/\/tourderetro.net\/#website","url":"https:\/\/tourderetro.net\/","name":"Visitez le r\u00e9tro","description":"Tour de r\u00e9tro | \u00c9v\u00e9nement cycliste | Eindhoven","publisher":{"@id":"https:\/\/tourderetro.net\/#organization"},"potentialAction":[{"@type":"SearchAction","target":{"@type":"EntryPoint","urlTemplate":"https:\/\/tourderetro.net\/?s={search_term_string}"},"query-input":{"@type":"PropertyValueSpecification","valueRequired":true,"valueName":"search_term_string"}}],"inLanguage":"fr-FR"},{"@type":"Organization","@id":"https:\/\/tourderetro.net\/#organization","name":"Visitez le r\u00e9tro","url":"https:\/\/tourderetro.net\/","logo":{"@type":"ImageObject","inLanguage":"fr-FR","@id":"https:\/\/tourderetro.net\/#\/schema\/logo\/image\/","url":"https:\/\/tourderetro.net\/wp-content\/uploads\/2023\/02\/Logo_original.png","contentUrl":"https:\/\/tourderetro.net\/wp-content\/uploads\/2023\/02\/Logo_original.png","width":500,"height":141,"caption":"Tour de Retro"},"image":{"@id":"https:\/\/tourderetro.net\/#\/schema\/logo\/image\/"}},{"@type":"Person","@id":"https:\/\/tourderetro.net\/#\/schema\/person\/2c6ea8c36c89645ce19d4848e595bac3","name":"Wijtze","image":{"@type":"ImageObject","inLanguage":"fr-FR","@id":"https:\/\/tourderetro.net\/wp-content\/litespeed\/avatar\/5c87fdb84091eadd8367c99173951830.jpg?ver=1787925228","url":"https:\/\/tourderetro.net\/wp-content\/litespeed\/avatar\/5c87fdb84091eadd8367c99173951830.jpg?ver=1787925228","contentUrl":"https:\/\/tourderetro.net\/wp-content\/litespeed\/avatar\/5c87fdb84091eadd8367c99173951830.jpg?ver=1787925228","caption":"Wijtze"},"url":"https:\/\/tourderetro.net\/fr\/author\/wijtze\/"}]}},"_links":{"self":[{"href":"https:\/\/tourderetro.net\/fr\/wp-json\/wp\/v2\/posts\/2611","targetHints":{"allow":["GET"]}}],"collection":[{"href":"https:\/\/tourderetro.net\/fr\/wp-json\/wp\/v2\/posts"}],"about":[{"href":"https:\/\/tourderetro.net\/fr\/wp-json\/wp\/v2\/types\/post"}],"author":[{"embeddable":true,"href":"https:\/\/tourderetro.net\/fr\/wp-json\/wp\/v2\/users\/2"}],"replies":[{"embeddable":true,"href":"https:\/\/tourderetro.net\/fr\/wp-json\/wp\/v2\/comments?post=2611"}],"version-history":[{"count":59,"href":"https:\/\/tourderetro.net\/fr\/wp-json\/wp\/v2\/posts\/2611\/revisions"}],"predecessor-version":[{"id":2755,"href":"https:\/\/tourderetro.net\/fr\/wp-json\/wp\/v2\/posts\/2611\/revisions\/2755"}],"wp:featuredmedia":[{"embeddable":true,"href":"https:\/\/tourderetro.net\/fr\/wp-json\/wp\/v2\/media\/2627"}],"wp:attachment":[{"href":"https:\/\/tourderetro.net\/fr\/wp-json\/wp\/v2\/media?parent=2611"}],"wp:term":[{"taxonomy":"category","embeddable":true,"href":"https:\/\/tourderetro.net\/fr\/wp-json\/wp\/v2\/categories?post=2611"},{"taxonomy":"post_tag","embeddable":true,"href":"https:\/\/tourderetro.net\/fr\/wp-json\/wp\/v2\/tags?post=2611"}],"curies":[{"name":"wp","href":"https:\/\/api.w.org\/{rel}","templated":true}]}}