{"id":2611,"date":"2026-08-06T12:18:02","date_gmt":"2026-08-06T10:18:02","guid":{"rendered":"https:\/\/tourderetro.net\/?p=2611"},"modified":"2026-08-07T16:41:44","modified_gmt":"2026-08-07T14:41:44","slug":"tour-de-retro-2026-neue-highlights-und-pure-radsportnostalgie","status":"publish","type":"post","link":"https:\/\/tourderetro.net\/de\/tour-de-retro-2026-nieuwe-highlights-en-pure-wielernostalgie\/","title":{"rendered":"Tour de Retro 2026: Neue Highlights und pure Radsportnostalgie!"},"content":{"rendered":"<div data-elementor-type=\"wp-post\" data-elementor-id=\"2611\" class=\"elementor elementor-2611\" data-elementor-post-type=\"post\">\n\t\t\t\t\t\t<section class=\"elementor-section elementor-top-section elementor-element elementor-element-71a8df8b elementor-section-boxed elementor-section-height-default elementor-section-height-default\" data-id=\"71a8df8b\" data-element_type=\"section\" data-e-type=\"section\">\n\t\t\t\t\t\t<div class=\"elementor-container elementor-column-gap-default\">\n\t\t\t\t\t<div class=\"elementor-column elementor-col-100 elementor-top-column elementor-element elementor-element-71c2f385\" data-id=\"71c2f385\" data-element_type=\"column\" data-e-type=\"column\">\n\t\t\t<div class=\"elementor-widget-wrap elementor-element-populated\">\n\t\t\t\t\t\t<div class=\"elementor-element elementor-element-5f98c963 elementor-widget elementor-widget-text-editor\" data-id=\"5f98c963\" data-element_type=\"widget\" data-e-type=\"widget\" data-widget_type=\"text-editor.default\">\n\t\t\t\t<div class=\"elementor-widget-container\">\n\t\t\t\t\t\t\t\t\t<p><em>Zieh am Sonntag, dem 6. September, dein Retro-Radtrikot an und hol dein Stahlross aus dem Stall, denn <b data-path-to-node=\"3\" data-index-in-node=\"91\">Tour de Retro 2026<\/b> Es geht los! Freuen Sie sich auf einen fantastischen Tag voller Brabanter Gastfreundschaft und purem Radsportvergn\u00fcgen. Dieses Jahr erwarten Sie neben den bekannten Klassikern auch einige tolle neue Programmpunkte.<\/em><\/p>\n<h4>Die Strecken: 45 km und 75 km<\/h4>\n<p data-path-to-node=\"5\">Wie in den Vorjahren gibt es auch dieses Jahr zwei wundersch\u00f6ne Touren \u00fcber 45 und 75 Kilometer. Das Herzst\u00fcck der Veranstaltung ist wieder einmal unser eigener Ausgangspunkt: <a href=\"https:\/\/www.cyklist.nl\/\" target=\"_blank\" rel=\"noopener\"><b data-path-to-node=\"5\" data-index-in-node=\"147\">Radcaf\u00e9 DE CYKLIST<\/b><\/a> Auf dem NRE-Gel\u00e4nde in Eindhoven. Sie sind ab 9:15 Uhr herzlich willkommen. Nach dem Check-in erhalten Sie sofort Ihren Getr\u00e4nkegutschein und einen Gutschein f\u00fcr einen kostenlosen Retro-Artikel. Wer wird Sie dort herzlich begr\u00fc\u00dfen? Niemand Geringeres als Radtrikot-Sammler und Tourguide Ton Merckx!<\/p>\n<p data-path-to-node=\"5\"><img fetchpriority=\"high\" decoding=\"async\" src=\"https:\/\/tourderetro.net\/wp-content\/uploads\/2026\/08\/tourderetro-sfeer-LR.jpg\" alt=\"Besichtigen Sie den Retro Eindhoven CYKLIST\" width=\"1500\" height=\"845\" \/><\/p>\n<p>\u00a0<\/p>\n<p><!-- \/wp:paragraph --><!-- wp:image {\"id\":1362,\"sizeSlug\":\"full\",\"linkDestination\":\"none\"} --><\/p>\n<figure><\/figure>\n<p><!-- \/wp:image --><\/p>\t\t\t\t\t\t\t\t<\/div>\n\t\t\t\t<\/div>\n\t\t\t\t<div class=\"elementor-element elementor-element-8687b3e elementor-align-center elementor-widget elementor-widget-button\" data-id=\"8687b3e\" data-element_type=\"widget\" data-e-type=\"widget\" data-widget_type=\"button.default\">\n\t\t\t\t<div class=\"elementor-widget-container\">\n\t\t\t\t\t\t\t\t\t<div class=\"elementor-button-wrapper\">\n\t\t\t\t\t<a class=\"elementor-button elementor-button-link elementor-size-sm\" href=\"https:\/\/tourderetro.net\/de\/sich-einschreiben\/\">\n\t\t\t\t\t\t<span class=\"elementor-button-content-wrapper\">\n\t\t\t\t\t\t\t\t\t<span class=\"elementor-button-text\">&gt;&gt; JETZT REGISTRIEREN &gt;&gt;<\/span>\n\t\t\t\t\t<\/span>\n\t\t\t\t\t<\/a>\n\t\t\t\t<\/div>\n\t\t\t\t\t\t\t\t<\/div>\n\t\t\t\t<\/div>\n\t\t\t\t<div class=\"elementor-element elementor-element-7b670a3 elementor-widget elementor-widget-text-editor\" data-id=\"7b670a3\" data-element_type=\"widget\" data-e-type=\"widget\" data-widget_type=\"text-editor.default\">\n\t\t\t\t<div class=\"elementor-widget-container\">\n\t\t\t\t\t\t\t\t\t<p>\u00a0<\/p>\n<p data-path-to-node=\"6\">Ton Merckx hat wieder einmal perfekt ausgeschilderte Routen bereitgestellt. Man radelt durch die atemberaubende Landschaft des Grenz-Naturparks De Groote Heide, \u00fcber gewundene Landstra\u00dfen, vorbei an friedlichen W\u00e4ldern, weiten Heidelandschaften und durch charmante D\u00f6rfer wie Maarheeze. Weil letztes Jahr alle so begeistert waren, machen wir auch dieses Jahr wieder im gem\u00fctlichen [Ortsname] Rast. <a href=\"https:\/\/www.borrelbarkikkerop.nl\/\" target=\"_blank\" rel=\"noopener\"><b data-path-to-node=\"6\" data-index-in-node=\"369\">Getr\u00e4nkecaf\u00e9\/Fahrradcaf\u00e9 KIKKEROP<\/b><\/a>. Der perfekte Ort, um stilvoll durchzuatmen!<\/p>\n<p><img decoding=\"async\" src=\"https:\/\/tourderetro.net\/wp-content\/uploads\/2026\/08\/TOURDERETRO-2025-Wilercafe-Kikkerop-1024x611.jpg\" alt=\"Fahrradcaf\u00e9 Kikkerop\" width=\"800\" height=\"477\" \/><\/p>\n<h4>Das Retro-Event bei De Cyklist<\/h4>\n<p data-path-to-node=\"9\">Dieses Jahr geben wir an unserem Start- und Zielort alles! Im brandneuen Bereich <b data-path-to-node=\"9\" data-index-in-node=\"87\">\u2018Die Best\u00e4ndigkeit\u2019<\/b> Bei De Cyklist wird die bizarre Sammlung von Radtrikots pr\u00e4sentiert. <a href=\"https:\/\/tourderetro.net\/de\/vintage-radsport-shirts-kollektion-ton-merckx-historische-rennrader\/\" target=\"_blank\" rel=\"noopener\"><strong>Ton Merckx (mittlerweile mehr als 3.000 einzigartige Exemplare!)<\/strong><\/a> Die Pr\u00e4sentation, die es verdient. Hinter jedem Hemd verbirgt sich eine wundersch\u00f6ne Geschichte.<\/p>\n<p data-path-to-node=\"10\">In \u2018De Permanence\u2019 finden Sie auch die <b data-path-to-node=\"10\" data-index-in-node=\"34\">Retro-Radtrikot-Outlet<\/b>, Vollgepackt mit Restposten und Mustern zum Schn\u00e4ppchenpreis. Und das Beste: Mit dem Gutschein, den Sie am Anfang erhalten, k\u00f6nnen Sie sich hier ein Exemplar komplett kostenlos aussuchen!<\/p>\n<p><!-- \/wp:paragraph --><!-- wp:image {\"id\":1362,\"sizeSlug\":\"full\",\"linkDestination\":\"none\"} --><\/p>\n<figure><\/figure>\n<p><!-- \/wp:image --><\/p>\t\t\t\t\t\t\t\t<\/div>\n\t\t\t\t<\/div>\n\t\t\t\t<div class=\"elementor-element elementor-element-ce4196d elementor-align-center elementor-widget elementor-widget-button\" data-id=\"ce4196d\" data-element_type=\"widget\" data-e-type=\"widget\" data-widget_type=\"button.default\">\n\t\t\t\t<div class=\"elementor-widget-container\">\n\t\t\t\t\t\t\t\t\t<div class=\"elementor-button-wrapper\">\n\t\t\t\t\t<a class=\"elementor-button elementor-button-link elementor-size-sm\" href=\"https:\/\/tourderetro.net\/de\/sich-einschreiben\/\">\n\t\t\t\t\t\t<span class=\"elementor-button-content-wrapper\">\n\t\t\t\t\t\t\t\t\t<span class=\"elementor-button-text\">&gt;&gt; JETZT REGISTRIEREN &gt;&gt;<\/span>\n\t\t\t\t\t<\/span>\n\t\t\t\t\t<\/a>\n\t\t\t\t<\/div>\n\t\t\t\t\t\t\t\t<\/div>\n\t\t\t\t<\/div>\n\t\t\t\t<div class=\"elementor-element elementor-element-3dbbc5a elementor-widget elementor-widget-text-editor\" data-id=\"3dbbc5a\" data-element_type=\"widget\" data-e-type=\"widget\" data-widget_type=\"text-editor.default\">\n\t\t\t\t<div class=\"elementor-widget-container\">\n\t\t\t\t\t\t\t\t\t<h4><strong>\u00a0Zwei Sonderausstellungen<\/strong><\/h4>\n<p><img decoding=\"async\" src=\"https:\/\/tourderetro.net\/wp-content\/uploads\/2026\/08\/grootels-bouwmij-wielerploeg-1024x628.jpg\" alt=\"Grootels-Bouwmij Radsportteam Eindhoven\" width=\"800\" height=\"491\" \/><\/p>\n<ul data-path-to-node=\"12\">\n<li>\n<p data-path-to-node=\"12,0,0\"><b data-path-to-node=\"12,0,0\" data-index-in-node=\"0\">Radfahren in den 60er und 70er Jahren<\/b>Eine wundersch\u00f6ne Fotoausstellung \u00fcber das Radfahren in der Region in vergangenen Zeiten. Dank Piet Gijsbers (Autor von \u201eDe Wielerspiegel\u201c) wird die reiche Radsportgeschichte dieser Jahrzehnte eindrucksvoll dargestellt. Mehr dazu in unserem Blog. <strong><a href=\"https:\/\/tourderetro.net\/de\/fahrradfotoausstellung-1960er-1970er-jahre\/\">Fotoausstellung \u2013 Radfahren in den 60er und 70er Jahren<\/a> .<\/strong><\/p>\n<\/li>\n<li>\n<p data-path-to-node=\"12,1,0\"><b data-path-to-node=\"12,1,0\" data-index-in-node=\"0\">\u2018DIE RUNDE VERFEHLUNG\u2019<\/b>Eine Ausstellung \u00fcber das Ph\u00e4nomen des \u201erunden Fehlwurfs\u201c. Obwohl dies angesichts des gesellschaftlichen Wandels im Gleichheitsverst\u00e4ndnis heute berechtigterweise diskutiert wird, blicken wir in dieser Ausstellung mit einem Augenzwinkern darauf zur\u00fcck. Mehr dazu in unserem Blog. <strong><a href=\"https:\/\/tourderetro.net\/de\/das-tour-de-france-madchen-unter-der-lupe-vom-palmzweig-zur-kussgalerie\/\">Die Ronde Miss unter dem Mikroskop: vom Palmzweig zur Kussgalerie<\/a><\/strong> .<\/p>\n<\/li>\n<\/ul>\n<p><img loading=\"lazy\" decoding=\"async\" class=\"wp-image-2617 size-large alignnone\" src=\"https:\/\/tourderetro.net\/wp-content\/uploads\/2026\/08\/Ronde-van-Nederland-rondemiss-wordt-gekust-door-winnaar-Pug-1955-LR-1024x661.jpg\" alt=\"Ronde, Mississippi \u2013 1955\" width=\"800\" height=\"516\" srcset=\"https:\/\/tourderetro.net\/wp-content\/uploads\/2026\/08\/Ronde-van-Nederland-rondemiss-wordt-gekust-door-winnaar-Pug-1955-LR-1024x661.jpg 1024w, https:\/\/tourderetro.net\/wp-content\/uploads\/2026\/08\/Ronde-van-Nederland-rondemiss-wordt-gekust-door-winnaar-Pug-1955-LR-300x194.jpg 300w, https:\/\/tourderetro.net\/wp-content\/uploads\/2026\/08\/Ronde-van-Nederland-rondemiss-wordt-gekust-door-winnaar-Pug-1955-LR-768x496.jpg 768w, https:\/\/tourderetro.net\/wp-content\/uploads\/2026\/08\/Ronde-van-Nederland-rondemiss-wordt-gekust-door-winnaar-Pug-1955-LR-1536x992.jpg 1536w, https:\/\/tourderetro.net\/wp-content\/uploads\/2026\/08\/Ronde-van-Nederland-rondemiss-wordt-gekust-door-winnaar-Pug-1955-LR-2048x1323.jpg 2048w, https:\/\/tourderetro.net\/wp-content\/uploads\/2026\/08\/Ronde-van-Nederland-rondemiss-wordt-gekust-door-winnaar-Pug-1955-LR-18x12.jpg 18w\" sizes=\"(max-width: 800px) 100vw, 800px\" \/><\/p>\n<p>\u00a0<\/p>\n<p><!-- \/wp:paragraph --><!-- wp:image {\"id\":1362,\"sizeSlug\":\"full\",\"linkDestination\":\"none\"} --><\/p>\n<figure><\/figure>\n<p><!-- \/wp:image --><\/p>\t\t\t\t\t\t\t\t<\/div>\n\t\t\t\t<\/div>\n\t\t\t\t<div class=\"elementor-element elementor-element-38f78af elementor-align-center elementor-widget elementor-widget-button\" data-id=\"38f78af\" data-element_type=\"widget\" data-e-type=\"widget\" data-widget_type=\"button.default\">\n\t\t\t\t<div class=\"elementor-widget-container\">\n\t\t\t\t\t\t\t\t\t<div class=\"elementor-button-wrapper\">\n\t\t\t\t\t<a class=\"elementor-button elementor-button-link elementor-size-sm\" href=\"https:\/\/tourderetro.net\/de\/sich-einschreiben\/\">\n\t\t\t\t\t\t<span class=\"elementor-button-content-wrapper\">\n\t\t\t\t\t\t\t\t\t<span class=\"elementor-button-text\">&gt;&gt; JETZT REGISTRIEREN &gt;&gt;<\/span>\n\t\t\t\t\t<\/span>\n\t\t\t\t\t<\/a>\n\t\t\t\t<\/div>\n\t\t\t\t\t\t\t\t<\/div>\n\t\t\t\t<\/div>\n\t\t\t\t<div class=\"elementor-element elementor-element-80cf690 elementor-widget elementor-widget-text-editor\" data-id=\"80cf690\" data-element_type=\"widget\" data-e-type=\"widget\" data-widget_type=\"text-editor.default\">\n\t\t\t\t<div class=\"elementor-widget-container\">\n\t\t\t\t\t\t\t\t\t<h3 data-path-to-node=\"14\">Alle Highlights der Tour de Retro 2026 auf einen Blick:<\/h3>\n<p data-path-to-node=\"15\">Zus\u00e4tzlich zu all dem oben Genannten sollten Sie nat\u00fcrlich auch Folgendes nicht verpassen:<\/p>\n<ul data-path-to-node=\"16\">\n<li>\n<p data-path-to-node=\"16,0,0\">Sch\u00f6n <a href=\"https:\/\/tourderetro.net\/de\/routeninformationen\/\"><b data-path-to-node=\"16,0,0\" data-index-in-node=\"10\">MARKIERTE ROUTEN<\/b><\/a> durch die Landschaft von Brabant (inklusive GPS-Track, den Sie eine Woche im Voraus per E-Mail erhalten).<\/p>\n<\/li>\n<li>\n<p data-path-to-node=\"16,1,0\">Ein Gutschein f\u00fcr einen <b data-path-to-node=\"16,1,0\" data-index-in-node=\"17\">GRATIS RETRO-RADTRIKOT<\/b> Im Outlet aussuchen!<\/p>\n<\/li>\n<li>\n<p data-path-to-node=\"16,2,0\"><b data-path-to-node=\"16,2,0\" data-index-in-node=\"0\">Rabattcode im Wert von 7,50 \u20ac<\/b> Biene <a href=\"http:\/\/tonmerckxwielershirts.nl\" target=\"_blank\" rel=\"noopener\">tonmerckxwielershirts.nl<\/a> (Repliken sind als Beispiele verf\u00fcgbar).<\/p>\n<\/li>\n<li>\n<p data-path-to-node=\"16,3,0\">Lecker <b data-path-to-node=\"16,3,0\" data-index-in-node=\"10\">BITES &amp; BYTES<\/b> im Wielercaf\u00e9 De Cyklist &amp; Wielercaf\u00e9 Kikkerop.<\/p>\n<\/li>\n<li>\n<p data-path-to-node=\"16,4,0\">St\u00f6bern im <b data-path-to-node=\"16,4,0\" data-index-in-node=\"16\">Outlet f\u00fcr Retro-Radtrikots<\/b> \u2013 Historische Hemden zum g\u00fcnstigen Preis.<\/p>\n<\/li>\n<li>\n<p data-path-to-node=\"16,5,0\">Atmosph\u00e4risch <b data-path-to-node=\"16,5,0\" data-index-in-node=\"11\">TOUR OF THEN Music<\/b>.<\/p>\n<\/li>\n<li>\n<p data-path-to-node=\"16,6,0\">Ausstellung mit originalen historischen Hemden aus der Sammlung von Ton Merckx.<\/p>\n<\/li>\n<li>\n<p data-path-to-node=\"16,7,0\">Fotoausstellungen: <a href=\"https:\/\/tourderetro.net\/de\/fahrradfotoausstellung-1960er-1970er-jahre\/\"><b data-path-to-node=\"16,7,0\" data-index-in-node=\"17\">1960er und 1970er Jahre<\/b><\/a> Und <a href=\"https:\/\/tourderetro.net\/de\/das-tour-de-france-madchen-unter-der-lupe-vom-palmzweig-zur-kussgalerie\/\"><b data-path-to-node=\"16,7,0\" data-index-in-node=\"36\">\u2018DIE RUNDE VERFEHLUNG\u2019<\/b><\/a>.<\/p>\n<\/li>\n<li>\n<p data-path-to-node=\"16,8,0\">Gute Preise f\u00fcr die <b data-path-to-node=\"16,8,0\" data-index-in-node=\"23\">DAS SCH\u00d6NSTE FAHRRAD<\/b> und die <b data-path-to-node=\"16,8,0\" data-index-in-node=\"43\">DAS SCH\u00d6NSTE RETRO-OUTFIT<\/b>.<\/p>\n<\/li>\n<li>\n<p data-path-to-node=\"16,9,0\">Freier Zugang zu <a href=\"https:\/\/tourderetro.net\/de\/bert-oosterbosch-radsportgeschichte\/\"><b data-path-to-node=\"16,9,0\" data-index-in-node=\"23\">Bert Oosterbosch Fahrradmuseum<\/b><\/a>.<\/p>\n<\/li>\n<\/ul>\n<p data-path-to-node=\"17\"><em><strong>Seid dabei und feiert mit uns die Geschichte des Radsports! Wir sehen uns dann!<\/strong><\/em><\/p>\n<p><!-- \/wp:paragraph --><!-- wp:paragraph --><\/p>\n<p><!-- \/wp:paragraph --><!-- wp:image {\"align\":\"center\",\"id\":1361,\"sizeSlug\":\"full\",\"linkDestination\":\"none\"} --><\/p>\n<p><!-- \/wp:image --><!-- wp:paragraph --><\/p>\n<p><!-- \/wp:paragraph --><!-- wp:paragraph --><\/p>\n<p><img loading=\"lazy\" decoding=\"async\" src=\"https:\/\/tourderetro.net\/wp-content\/uploads\/2024\/05\/Ton-Mercks-Tour_de_retro_2023-3-scaled-1-967x1024.jpg\" alt=\"Ton Merckx verteilt Nummern an die Teilnehmer\" width=\"800\" height=\"847\" \/><\/p>\n<p>Radtrikot-Sammler und Radtouren-S\u00e4ule \u2013 Ton Merckx<\/p>\n<p>\u00a0<\/p>\n<p><!-- \/wp:paragraph --><!-- wp:image {\"id\":1362,\"sizeSlug\":\"full\",\"linkDestination\":\"none\"} --><\/p>\n<figure><\/figure>\n<p><!-- \/wp:image --><\/p>\t\t\t\t\t\t\t\t<\/div>\n\t\t\t\t<\/div>\n\t\t\t\t<div class=\"elementor-element elementor-element-ecf5d9e elementor-align-center elementor-widget elementor-widget-button\" data-id=\"ecf5d9e\" data-element_type=\"widget\" data-e-type=\"widget\" data-widget_type=\"button.default\">\n\t\t\t\t<div class=\"elementor-widget-container\">\n\t\t\t\t\t\t\t\t\t<div class=\"elementor-button-wrapper\">\n\t\t\t\t\t<a class=\"elementor-button elementor-button-link elementor-size-sm\" href=\"https:\/\/tourderetro.net\/de\/sich-einschreiben\/\">\n\t\t\t\t\t\t<span class=\"elementor-button-content-wrapper\">\n\t\t\t\t\t\t\t\t\t<span class=\"elementor-button-text\">&gt;&gt; JETZT REGISTRIEREN &gt;&gt;<\/span>\n\t\t\t\t\t<\/span>\n\t\t\t\t\t<\/a>\n\t\t\t\t<\/div>\n\t\t\t\t\t\t\t\t<\/div>\n\t\t\t\t<\/div>\n\t\t\t\t\t<\/div>\n\t\t<\/div>\n\t\t\t\t\t<\/div>\n\t\t<\/section>\n\t\t<div class=\"elementor-element elementor-element-7358ed7 e-flex e-con-boxed e-con e-parent\" data-id=\"7358ed7\" data-element_type=\"container\" data-e-type=\"container\">\n\t\t\t\t\t<div class=\"e-con-inner\">\n\t\t\t\t\t<\/div>\n\t\t\t\t<\/div>\n\t\t\t\t<\/div>","protected":false},"excerpt":{"rendered":"<p>Trek Zondag 6 september je retro koerstrui aan en van je stalen ros van stal, want Tour de Retro 2026 gaat van start! Bereid je voor op een fantastische dag vol Brabantse gemoedelijkheid en pure wielerromantiek. Dit jaar hebben we naast de vertrouwde klassiekers ook een paar geweldige vernieuwingen op het programma staan.. De Routes: [&hellip;]<\/p>\n","protected":false},"author":2,"featured_media":2627,"comment_status":"closed","ping_status":"closed","sticky":false,"template":"","format":"standard","meta":{"_acf_changed":false,"footnotes":""},"categories":[5],"tags":[],"class_list":["post-2611","post","type-post","status-publish","format-standard","has-post-thumbnail","hentry","category-tourtochten"],"acf":[],"yoast_head":"<!-- This site is optimized with the Yoast SEO plugin v28.3 - https:\/\/yoast.com\/product\/yoast-seo-wordpress\/ -->\n<title>Tour de Retro 2026: Nieuwe Highlights en Pure Wielernostalgie! - Tour de Retro<\/title>\n<meta name=\"robots\" content=\"index, follow, max-snippet:-1, max-image-preview:large, max-video-preview:-1\" \/>\n<link rel=\"canonical\" href=\"https:\/\/tourderetro.net\/de\/tour-de-retro-2026-neue-highlights-und-pure-radsportnostalgie\/\" \/>\n<meta property=\"og:locale\" content=\"de_DE\" \/>\n<meta property=\"og:type\" content=\"article\" \/>\n<meta property=\"og:title\" content=\"Tour de Retro 2026: Nieuwe Highlights en Pure Wielernostalgie! - Tour de Retro\" \/>\n<meta property=\"og:description\" content=\"Trek Zondag 6 september je retro koerstrui aan en van je stalen ros van stal, want Tour de Retro 2026 gaat van start! Bereid je voor op een fantastische dag vol Brabantse gemoedelijkheid en pure wielerromantiek. Dit jaar hebben we naast de vertrouwde klassiekers ook een paar geweldige vernieuwingen op het programma staan.. De Routes: [&hellip;]\" \/>\n<meta property=\"og:url\" content=\"https:\/\/tourderetro.net\/de\/tour-de-retro-2026-neue-highlights-und-pure-radsportnostalgie\/\" \/>\n<meta property=\"og:site_name\" content=\"Tour de Retro\" \/>\n<meta property=\"article:published_time\" content=\"2026-08-06T10:18:02+00:00\" \/>\n<meta property=\"article:modified_time\" content=\"2026-08-07T14:41:44+00:00\" \/>\n<meta property=\"og:image\" content=\"https:\/\/tourderetro.net\/wp-content\/uploads\/2026\/08\/outlet.jpg\" \/>\n\t<meta property=\"og:image:width\" content=\"1628\" \/>\n\t<meta property=\"og:image:height\" content=\"918\" \/>\n\t<meta property=\"og:image:type\" content=\"image\/jpeg\" \/>\n<meta name=\"author\" content=\"Wijtze\" \/>\n<meta name=\"twitter:card\" content=\"summary_large_image\" \/>\n<meta name=\"twitter:label1\" content=\"Verfasst von\" \/>\n\t<meta name=\"twitter:data1\" content=\"Wijtze\" \/>\n\t<meta name=\"twitter:label2\" content=\"Gesch\u00e4tzte Lesezeit\" \/>\n\t<meta name=\"twitter:data2\" content=\"4\u00a0Minuten\" \/>\n<script type=\"application\/ld+json\" class=\"yoast-schema-graph\">{\"@context\":\"https:\\\/\\\/schema.org\",\"@graph\":[{\"@type\":\"Article\",\"@id\":\"https:\\\/\\\/tourderetro.net\\\/tour-de-retro-2026-nieuwe-highlights-en-pure-wielernostalgie\\\/#article\",\"isPartOf\":{\"@id\":\"https:\\\/\\\/tourderetro.net\\\/tour-de-retro-2026-nieuwe-highlights-en-pure-wielernostalgie\\\/\"},\"author\":{\"name\":\"Wijtze\",\"@id\":\"https:\\\/\\\/tourderetro.net\\\/#\\\/schema\\\/person\\\/2c6ea8c36c89645ce19d4848e595bac3\"},\"headline\":\"Tour de Retro 2026: Nieuwe Highlights en Pure Wielernostalgie!\",\"datePublished\":\"2026-08-06T10:18:02+00:00\",\"dateModified\":\"2026-08-07T14:41:44+00:00\",\"mainEntityOfPage\":{\"@id\":\"https:\\\/\\\/tourderetro.net\\\/tour-de-retro-2026-nieuwe-highlights-en-pure-wielernostalgie\\\/\"},\"wordCount\":563,\"publisher\":{\"@id\":\"https:\\\/\\\/tourderetro.net\\\/#organization\"},\"image\":{\"@id\":\"https:\\\/\\\/tourderetro.net\\\/tour-de-retro-2026-nieuwe-highlights-en-pure-wielernostalgie\\\/#primaryimage\"},\"thumbnailUrl\":\"https:\\\/\\\/tourderetro.net\\\/wp-content\\\/uploads\\\/2026\\\/08\\\/outlet.jpg\",\"articleSection\":[\"TOERTOCHTEN\"],\"inLanguage\":\"de\"},{\"@type\":\"WebPage\",\"@id\":\"https:\\\/\\\/tourderetro.net\\\/tour-de-retro-2026-nieuwe-highlights-en-pure-wielernostalgie\\\/\",\"url\":\"https:\\\/\\\/tourderetro.net\\\/tour-de-retro-2026-nieuwe-highlights-en-pure-wielernostalgie\\\/\",\"name\":\"Tour de Retro 2026: Nieuwe Highlights en Pure Wielernostalgie! - Tour de Retro\",\"isPartOf\":{\"@id\":\"https:\\\/\\\/tourderetro.net\\\/#website\"},\"primaryImageOfPage\":{\"@id\":\"https:\\\/\\\/tourderetro.net\\\/tour-de-retro-2026-nieuwe-highlights-en-pure-wielernostalgie\\\/#primaryimage\"},\"image\":{\"@id\":\"https:\\\/\\\/tourderetro.net\\\/tour-de-retro-2026-nieuwe-highlights-en-pure-wielernostalgie\\\/#primaryimage\"},\"thumbnailUrl\":\"https:\\\/\\\/tourderetro.net\\\/wp-content\\\/uploads\\\/2026\\\/08\\\/outlet.jpg\",\"datePublished\":\"2026-08-06T10:18:02+00:00\",\"dateModified\":\"2026-08-07T14:41:44+00:00\",\"breadcrumb\":{\"@id\":\"https:\\\/\\\/tourderetro.net\\\/tour-de-retro-2026-nieuwe-highlights-en-pure-wielernostalgie\\\/#breadcrumb\"},\"inLanguage\":\"de\",\"potentialAction\":[{\"@type\":\"ReadAction\",\"target\":[\"https:\\\/\\\/tourderetro.net\\\/tour-de-retro-2026-nieuwe-highlights-en-pure-wielernostalgie\\\/\"]}]},{\"@type\":\"ImageObject\",\"inLanguage\":\"de\",\"@id\":\"https:\\\/\\\/tourderetro.net\\\/tour-de-retro-2026-nieuwe-highlights-en-pure-wielernostalgie\\\/#primaryimage\",\"url\":\"https:\\\/\\\/tourderetro.net\\\/wp-content\\\/uploads\\\/2026\\\/08\\\/outlet.jpg\",\"contentUrl\":\"https:\\\/\\\/tourderetro.net\\\/wp-content\\\/uploads\\\/2026\\\/08\\\/outlet.jpg\",\"width\":1628,\"height\":918,\"caption\":\"Tour de Retro 2026\"},{\"@type\":\"BreadcrumbList\",\"@id\":\"https:\\\/\\\/tourderetro.net\\\/tour-de-retro-2026-nieuwe-highlights-en-pure-wielernostalgie\\\/#breadcrumb\",\"itemListElement\":[{\"@type\":\"ListItem\",\"position\":1,\"name\":\"Home\",\"item\":\"https:\\\/\\\/tourderetro.net\\\/\"},{\"@type\":\"ListItem\",\"position\":2,\"name\":\"Tour de Retro 2026: Nieuwe Highlights en Pure Wielernostalgie!\"}]},{\"@type\":\"WebSite\",\"@id\":\"https:\\\/\\\/tourderetro.net\\\/#website\",\"url\":\"https:\\\/\\\/tourderetro.net\\\/\",\"name\":\"Tour de Retro\",\"description\":\"Tour de retro | Wieler-event | Eindhoven\",\"publisher\":{\"@id\":\"https:\\\/\\\/tourderetro.net\\\/#organization\"},\"potentialAction\":[{\"@type\":\"SearchAction\",\"target\":{\"@type\":\"EntryPoint\",\"urlTemplate\":\"https:\\\/\\\/tourderetro.net\\\/?s={search_term_string}\"},\"query-input\":{\"@type\":\"PropertyValueSpecification\",\"valueRequired\":true,\"valueName\":\"search_term_string\"}}],\"inLanguage\":\"de\"},{\"@type\":\"Organization\",\"@id\":\"https:\\\/\\\/tourderetro.net\\\/#organization\",\"name\":\"Tour de Retro\",\"url\":\"https:\\\/\\\/tourderetro.net\\\/\",\"logo\":{\"@type\":\"ImageObject\",\"inLanguage\":\"de\",\"@id\":\"https:\\\/\\\/tourderetro.net\\\/#\\\/schema\\\/logo\\\/image\\\/\",\"url\":\"https:\\\/\\\/tourderetro.net\\\/wp-content\\\/uploads\\\/2023\\\/02\\\/Logo_original.png\",\"contentUrl\":\"https:\\\/\\\/tourderetro.net\\\/wp-content\\\/uploads\\\/2023\\\/02\\\/Logo_original.png\",\"width\":500,\"height\":141,\"caption\":\"Tour de Retro\"},\"image\":{\"@id\":\"https:\\\/\\\/tourderetro.net\\\/#\\\/schema\\\/logo\\\/image\\\/\"}},{\"@type\":\"Person\",\"@id\":\"https:\\\/\\\/tourderetro.net\\\/#\\\/schema\\\/person\\\/2c6ea8c36c89645ce19d4848e595bac3\",\"name\":\"Wijtze\",\"image\":{\"@type\":\"ImageObject\",\"inLanguage\":\"de\",\"@id\":\"https:\\\/\\\/tourderetro.net\\\/wp-content\\\/litespeed\\\/avatar\\\/5c87fdb84091eadd8367c99173951830.jpg?ver=1787925228\",\"url\":\"https:\\\/\\\/tourderetro.net\\\/wp-content\\\/litespeed\\\/avatar\\\/5c87fdb84091eadd8367c99173951830.jpg?ver=1787925228\",\"contentUrl\":\"https:\\\/\\\/tourderetro.net\\\/wp-content\\\/litespeed\\\/avatar\\\/5c87fdb84091eadd8367c99173951830.jpg?ver=1787925228\",\"caption\":\"Wijtze\"},\"url\":\"https:\\\/\\\/tourderetro.net\\\/de\\\/author\\\/wijtze\\\/\"}]}<\/script>\n<!-- \/ Yoast SEO plugin. -->","yoast_head_json":{"title":"Tour de Retro 2026: Neue Highlights und pure Radsportnostalgie! - Tour de Retro","robots":{"index":"index","follow":"follow","max-snippet":"max-snippet:-1","max-image-preview":"max-image-preview:large","max-video-preview":"max-video-preview:-1"},"canonical":"https:\/\/tourderetro.net\/de\/tour-de-retro-2026-neue-highlights-und-pure-radsportnostalgie\/","og_locale":"de_DE","og_type":"article","og_title":"Tour de Retro 2026: Nieuwe Highlights en Pure Wielernostalgie! - Tour de Retro","og_description":"Trek Zondag 6 september je retro koerstrui aan en van je stalen ros van stal, want Tour de Retro 2026 gaat van start! Bereid je voor op een fantastische dag vol Brabantse gemoedelijkheid en pure wielerromantiek. Dit jaar hebben we naast de vertrouwde klassiekers ook een paar geweldige vernieuwingen op het programma staan.. De Routes: [&hellip;]","og_url":"https:\/\/tourderetro.net\/de\/tour-de-retro-2026-neue-highlights-und-pure-radsportnostalgie\/","og_site_name":"Tour de Retro","article_published_time":"2026-08-06T10:18:02+00:00","article_modified_time":"2026-08-07T14:41:44+00:00","og_image":[{"width":1628,"height":918,"url":"https:\/\/tourderetro.net\/wp-content\/uploads\/2026\/08\/outlet.jpg","type":"image\/jpeg"}],"author":"Wijtze","twitter_card":"summary_large_image","twitter_misc":{"Verfasst von":"Wijtze","Gesch\u00e4tzte Lesezeit":"4\u00a0Minuten"},"schema":{"@context":"https:\/\/schema.org","@graph":[{"@type":"Article","@id":"https:\/\/tourderetro.net\/tour-de-retro-2026-nieuwe-highlights-en-pure-wielernostalgie\/#article","isPartOf":{"@id":"https:\/\/tourderetro.net\/tour-de-retro-2026-nieuwe-highlights-en-pure-wielernostalgie\/"},"author":{"name":"Wijtze","@id":"https:\/\/tourderetro.net\/#\/schema\/person\/2c6ea8c36c89645ce19d4848e595bac3"},"headline":"Tour de Retro 2026: Nieuwe Highlights en Pure Wielernostalgie!","datePublished":"2026-08-06T10:18:02+00:00","dateModified":"2026-08-07T14:41:44+00:00","mainEntityOfPage":{"@id":"https:\/\/tourderetro.net\/tour-de-retro-2026-nieuwe-highlights-en-pure-wielernostalgie\/"},"wordCount":563,"publisher":{"@id":"https:\/\/tourderetro.net\/#organization"},"image":{"@id":"https:\/\/tourderetro.net\/tour-de-retro-2026-nieuwe-highlights-en-pure-wielernostalgie\/#primaryimage"},"thumbnailUrl":"https:\/\/tourderetro.net\/wp-content\/uploads\/2026\/08\/outlet.jpg","articleSection":["TOERTOCHTEN"],"inLanguage":"de"},{"@type":"WebPage","@id":"https:\/\/tourderetro.net\/tour-de-retro-2026-nieuwe-highlights-en-pure-wielernostalgie\/","url":"https:\/\/tourderetro.net\/tour-de-retro-2026-nieuwe-highlights-en-pure-wielernostalgie\/","name":"Tour de Retro 2026: Neue Highlights und pure Radsportnostalgie! - Tour de Retro","isPartOf":{"@id":"https:\/\/tourderetro.net\/#website"},"primaryImageOfPage":{"@id":"https:\/\/tourderetro.net\/tour-de-retro-2026-nieuwe-highlights-en-pure-wielernostalgie\/#primaryimage"},"image":{"@id":"https:\/\/tourderetro.net\/tour-de-retro-2026-nieuwe-highlights-en-pure-wielernostalgie\/#primaryimage"},"thumbnailUrl":"https:\/\/tourderetro.net\/wp-content\/uploads\/2026\/08\/outlet.jpg","datePublished":"2026-08-06T10:18:02+00:00","dateModified":"2026-08-07T14:41:44+00:00","breadcrumb":{"@id":"https:\/\/tourderetro.net\/tour-de-retro-2026-nieuwe-highlights-en-pure-wielernostalgie\/#breadcrumb"},"inLanguage":"de","potentialAction":[{"@type":"ReadAction","target":["https:\/\/tourderetro.net\/tour-de-retro-2026-nieuwe-highlights-en-pure-wielernostalgie\/"]}]},{"@type":"ImageObject","inLanguage":"de","@id":"https:\/\/tourderetro.net\/tour-de-retro-2026-nieuwe-highlights-en-pure-wielernostalgie\/#primaryimage","url":"https:\/\/tourderetro.net\/wp-content\/uploads\/2026\/08\/outlet.jpg","contentUrl":"https:\/\/tourderetro.net\/wp-content\/uploads\/2026\/08\/outlet.jpg","width":1628,"height":918,"caption":"Tour de Retro 2026"},{"@type":"BreadcrumbList","@id":"https:\/\/tourderetro.net\/tour-de-retro-2026-nieuwe-highlights-en-pure-wielernostalgie\/#breadcrumb","itemListElement":[{"@type":"ListItem","position":1,"name":"Home","item":"https:\/\/tourderetro.net\/"},{"@type":"ListItem","position":2,"name":"Tour de Retro 2026: Nieuwe Highlights en Pure Wielernostalgie!"}]},{"@type":"WebSite","@id":"https:\/\/tourderetro.net\/#website","url":"https:\/\/tourderetro.net\/","name":"Besichtigen Sie die Retro","description":"Retro-Tour | Radsport-Event | Eindhoven","publisher":{"@id":"https:\/\/tourderetro.net\/#organization"},"potentialAction":[{"@type":"SearchAction","target":{"@type":"EntryPoint","urlTemplate":"https:\/\/tourderetro.net\/?s={search_term_string}"},"query-input":{"@type":"PropertyValueSpecification","valueRequired":true,"valueName":"search_term_string"}}],"inLanguage":"de"},{"@type":"Organization","@id":"https:\/\/tourderetro.net\/#organization","name":"Besichtigen Sie die Retro","url":"https:\/\/tourderetro.net\/","logo":{"@type":"ImageObject","inLanguage":"de","@id":"https:\/\/tourderetro.net\/#\/schema\/logo\/image\/","url":"https:\/\/tourderetro.net\/wp-content\/uploads\/2023\/02\/Logo_original.png","contentUrl":"https:\/\/tourderetro.net\/wp-content\/uploads\/2023\/02\/Logo_original.png","width":500,"height":141,"caption":"Tour de Retro"},"image":{"@id":"https:\/\/tourderetro.net\/#\/schema\/logo\/image\/"}},{"@type":"Person","@id":"https:\/\/tourderetro.net\/#\/schema\/person\/2c6ea8c36c89645ce19d4848e595bac3","name":"Wijtze","image":{"@type":"ImageObject","inLanguage":"de","@id":"https:\/\/tourderetro.net\/wp-content\/litespeed\/avatar\/5c87fdb84091eadd8367c99173951830.jpg?ver=1787925228","url":"https:\/\/tourderetro.net\/wp-content\/litespeed\/avatar\/5c87fdb84091eadd8367c99173951830.jpg?ver=1787925228","contentUrl":"https:\/\/tourderetro.net\/wp-content\/litespeed\/avatar\/5c87fdb84091eadd8367c99173951830.jpg?ver=1787925228","caption":"Wijtze"},"url":"https:\/\/tourderetro.net\/de\/author\/wijtze\/"}]}},"_links":{"self":[{"href":"https:\/\/tourderetro.net\/de\/wp-json\/wp\/v2\/posts\/2611","targetHints":{"allow":["GET"]}}],"collection":[{"href":"https:\/\/tourderetro.net\/de\/wp-json\/wp\/v2\/posts"}],"about":[{"href":"https:\/\/tourderetro.net\/de\/wp-json\/wp\/v2\/types\/post"}],"author":[{"embeddable":true,"href":"https:\/\/tourderetro.net\/de\/wp-json\/wp\/v2\/users\/2"}],"replies":[{"embeddable":true,"href":"https:\/\/tourderetro.net\/de\/wp-json\/wp\/v2\/comments?post=2611"}],"version-history":[{"count":59,"href":"https:\/\/tourderetro.net\/de\/wp-json\/wp\/v2\/posts\/2611\/revisions"}],"predecessor-version":[{"id":2755,"href":"https:\/\/tourderetro.net\/de\/wp-json\/wp\/v2\/posts\/2611\/revisions\/2755"}],"wp:featuredmedia":[{"embeddable":true,"href":"https:\/\/tourderetro.net\/de\/wp-json\/wp\/v2\/media\/2627"}],"wp:attachment":[{"href":"https:\/\/tourderetro.net\/de\/wp-json\/wp\/v2\/media?parent=2611"}],"wp:term":[{"taxonomy":"category","embeddable":true,"href":"https:\/\/tourderetro.net\/de\/wp-json\/wp\/v2\/categories?post=2611"},{"taxonomy":"post_tag","embeddable":true,"href":"https:\/\/tourderetro.net\/de\/wp-json\/wp\/v2\/tags?post=2611"}],"curies":[{"name":"wp","href":"https:\/\/api.w.org\/{rel}","templated":true}]}}