{"id":2556,"date":"2026-08-04T15:53:35","date_gmt":"2026-08-04T13:53:35","guid":{"rendered":"https:\/\/tourderetro.net\/?p=2556"},"modified":"2026-08-06T10:59:50","modified_gmt":"2026-08-06T08:59:50","slug":"fahrradfotoausstellung-1960er-1970er-jahre","status":"publish","type":"post","link":"https:\/\/tourderetro.net\/de\/fototentoonstelling-wielrennen-jaren-zestig-zeventig\/","title":{"rendered":"Fotoausstellung \u2013 Radfahren in den 60er und 70er Jahren"},"content":{"rendered":"<div data-elementor-type=\"wp-post\" data-elementor-id=\"2556\" class=\"elementor elementor-2556\" data-elementor-post-type=\"post\">\n\t\t\t\t<div class=\"elementor-element elementor-element-2e8fcb10 e-flex e-con-boxed e-con e-parent\" data-id=\"2e8fcb10\" data-element_type=\"container\" data-e-type=\"container\">\n\t\t\t\t\t<div class=\"e-con-inner\">\n\t\t\t\t<div class=\"elementor-element elementor-element-3ee557cb elementor-widget elementor-widget-text-editor\" data-id=\"3ee557cb\" data-element_type=\"widget\" data-e-type=\"widget\" data-widget_type=\"text-editor.default\">\n\t\t\t\t<div class=\"elementor-widget-container\">\n\t\t\t\t\t\t\t\t\t<p><strong>Die Radsportgeschichte der Region Eindhoven in den 1960er- und 1970er-Jahren wird bei der Tour de Retro 2026 wieder lebendig. Dank Piet Gijsbers stehen uns unter anderem Fotos von Joop Glas, Henk van Vught, Wim Dielemans und Hans van de Berg zur Verf\u00fcgung. Dadurch k\u00f6nnen wir am Sonntag, dem 6. September, im Cyklist viele einzigartige Bilder pr\u00e4sentieren.<\/strong><\/p>\n<p><!-- \/wp:paragraph --><!-- wp:paragraph --><\/p>\n<p data-path-to-node=\"4\"><b data-path-to-node=\"4\" data-index-in-node=\"0\">Kurs in und um die Stadt der Lichter<\/b><\/p>\n<p data-path-to-node=\"4\">In den 1960er und 1970er Jahren erfreute sich Radfahren in der Region Eindhoven einer beispiellosen Popularit\u00e4t. W\u00e4hrend das Peloton bei ber\u00fchmten Rennen wie dem <strong>Acht von Bladel<\/strong> und die <strong>Rundfahrt durch die Kempen<\/strong>Damals herrschte auch in Eindhoven reges Radsportleben. Im Rahmen der Ausstellung r\u00fccken wir den legend\u00e4ren Asphalt jener Zeit wieder ins Rampenlicht, mit wundersch\u00f6nen Actionaufnahmen von Klassikern wie dem <strong>Stadtrundgang<\/strong>, Die <strong>Befreiungsrunde<\/strong> Und <strong>Die Tour des Eisernen Mannes<\/strong>. Auch die beeindruckende und historisch so wichtige Fahrt der <strong>Fackel der Befreiung von Bayeux<\/strong> Die Reise nach Eindhoven wurde wundersch\u00f6n auf Film festgehalten.<\/p>\n<p data-path-to-node=\"5\"><b data-path-to-node=\"5\" data-index-in-node=\"0\">Lokalhelden und legend\u00e4re Teams<\/b><\/p>\n<p data-path-to-node=\"5\">Die Bilder zeigen eine F\u00fclle ber\u00fchmter Vereine und legend\u00e4rer Firmenmannschaften. Man sieht unter anderem einzigartige Fotos von <strong>Vereinsmannschaft<\/strong> Und <strong>Amateurmannschaft Wilhelmina<\/strong>\/<strong>Wilhelminia<\/strong>. Auch <strong>Radsportverein &#039;Het Zuiden&#039;\u2018<\/strong> Sie werden ausf\u00fchrlich pr\u00e4sentiert; wir zeigen sie w\u00e4hrend der Vereinsmeisterschaften und in voller Aktion auf der charakteristischen Aschenbahn im Sportpark Botenlaan.<\/p>\n<p data-path-to-node=\"5\"><img fetchpriority=\"high\" decoding=\"async\" class=\"wp-image-2569 aligncenter\" src=\"https:\/\/tourderetro.net\/wp-content\/uploads\/2026\/08\/1966-Eindhoven.-Sportpark-Botenlaan-baanwedstrijd-Gramser-en-Otten-TdR-300x237.jpg\" alt=\"1966 Eindhoven. Sport\" width=\"460\" height=\"363\" srcset=\"https:\/\/tourderetro.net\/wp-content\/uploads\/2026\/08\/1966-Eindhoven.-Sportpark-Botenlaan-baanwedstrijd-Gramser-en-Otten-TdR-300x237.jpg 300w, https:\/\/tourderetro.net\/wp-content\/uploads\/2026\/08\/1966-Eindhoven.-Sportpark-Botenlaan-baanwedstrijd-Gramser-en-Otten-TdR-1024x807.jpg 1024w, https:\/\/tourderetro.net\/wp-content\/uploads\/2026\/08\/1966-Eindhoven.-Sportpark-Botenlaan-baanwedstrijd-Gramser-en-Otten-TdR-768x606.jpg 768w, https:\/\/tourderetro.net\/wp-content\/uploads\/2026\/08\/1966-Eindhoven.-Sportpark-Botenlaan-baanwedstrijd-Gramser-en-Otten-TdR-1536x1211.jpg 1536w, https:\/\/tourderetro.net\/wp-content\/uploads\/2026\/08\/1966-Eindhoven.-Sportpark-Botenlaan-baanwedstrijd-Gramser-en-Otten-TdR-15x12.jpg 15w, https:\/\/tourderetro.net\/wp-content\/uploads\/2026\/08\/1966-Eindhoven.-Sportpark-Botenlaan-baanwedstrijd-Gramser-en-Otten-TdR.jpg 2000w\" sizes=\"(max-width: 460px) 100vw, 460px\" \/><\/p>\n<p data-path-to-node=\"6\">Zudem war es die \u00c4ra unverwechselbarer Formationen, die von lokalen Unternehmen getragen wurden:<\/p>\n<ul data-path-to-node=\"7\">\n<li>\n<p data-path-to-node=\"7,0,0\">Das ber\u00fchmte Radsportteam <b data-path-to-node=\"7,0,0\" data-index-in-node=\"23\">Lokomotive Vredestein<\/b>, mit den talentierten Eindhovenern Willy Oppers und Wim Jellema in ihren Reihen.<\/p>\n<\/li>\n<li>\n<p data-path-to-node=\"7,1,0\">Die Gr\u00fcndung des Stra\u00dfenbauunternehmens Eindhoven <b data-path-to-node=\"7,1,0\" data-index-in-node=\"49\">Schapers und De Bont<\/b>, das Team, in dem unter anderem der erfolgreiche ehemalige Rennfahrer Piet Deenen gro\u00dfartige Rennen fuhr.<\/p>\n<\/li>\n<li>\n<p data-path-to-node=\"7,2,0\">Der <b data-path-to-node=\"7,2,0\" data-index-in-node=\"3\">Grootels Bouwmij<\/b> Das Team, das wirklich Eindruck machte und w\u00e4hrend der viert\u00e4gigen Abendwanderung auf Engelsbergen wundersch\u00f6n eingefangen wurde.<\/p>\n<\/li>\n<li>Der Ursprung von ber\u00fchmten <strong>\u2018Die \u2019lila Brigade\u201c des Jan van Erp-Teams<\/strong>, mitgebaut vom ehemaligen Rennfahrer und Teammanager aus Eindhoven, Jan Gisbers<\/li>\n<\/ul>\n<p data-path-to-node=\"9\"><b data-path-to-node=\"9\" data-index-in-node=\"0\"><br><\/b><\/p><p data-path-to-node=\"9\"><b data-path-to-node=\"9\" data-index-in-node=\"0\">Pers\u00f6nliche Triumphe<\/b><\/p>\n<p data-path-to-node=\"9\">Nat\u00fcrlich spielen auch individuelle Heldentaten in De Cyklist eine zentrale Rolle. Wir haben atemberaubendes Filmmaterial von <strong>Hans Koot<\/strong> Der glorreiche Sieger konnte sich den Omloop van het Volk sichern. Und ein besonders sch\u00f6nes Detail: Wir besitzen sogar historische Belege des Fotografen\/Radfahrers. <strong>Joop Glas<\/strong>. 1968 lieferte er sich selbst ein grandioses Duell im erbitterten Zielsprint der Budel-Schoot-Rundfahrt! Au\u00dferdem gibt es neue Fotos aus dem Oosterbosch-Familienalbum. Ebenfalls im Museum ausgestellt.<strong> Bert Oosterbosch<\/strong> im ersten Stock des Cyklist.<\/p>\n<p data-path-to-node=\"10\">Dies ist nur eine kleine Auswahl der Exponate, und das Beste daran ist: Wir erhalten immer mehr Fotos! Die Ordner f\u00fcllen sich und machen Eindhovens Radsportgeschichte noch vollst\u00e4ndiger.<\/p>\n<p data-path-to-node=\"11\">Kommen Sie und tauchen Sie ein in die nostalgische Atmosph\u00e4re vergangener Zeiten, schwelgen Sie in Erinnerungen an Legenden und genie\u00dfen Sie diese einzigartigen Aufnahmen w\u00e4hrend der Tour de Retro am <strong>Sonntag, 6. September im Fahrradcaf\u00e9 De Cyklist<\/strong>. Bis dann!<\/p>\n<p><!-- \/wp:paragraph --><\/p>\t\t\t\t\t\t\t\t<\/div>\n\t\t\t\t<\/div>\n\t\t\t\t\t<\/div>\n\t\t\t\t<\/div>\n\t\t\t\t<\/div>","protected":false},"excerpt":{"rendered":"<p>Der Beginn des Radfahrens in der Region Eindhoven.<\/p>","protected":false},"author":2,"featured_media":2557,"comment_status":"closed","ping_status":"closed","sticky":false,"template":"","format":"standard","meta":{"_acf_changed":false,"footnotes":""},"categories":[6,43],"tags":[],"class_list":["post-2556","post","type-post","status-publish","format-standard","has-post-thumbnail","hentry","category-expo","category-historie"],"acf":[],"yoast_head":"<!-- This site is optimized with the Yoast SEO plugin v28.3 - https:\/\/yoast.com\/product\/yoast-seo-wordpress\/ -->\n<title>Fototentoonstelling - wielrennen jaren zestig &amp; zeventig - Tour de Retro<\/title>\n<meta name=\"robots\" content=\"index, follow, max-snippet:-1, max-image-preview:large, max-video-preview:-1\" \/>\n<link rel=\"canonical\" href=\"https:\/\/tourderetro.net\/de\/fahrradfotoausstellung-1960er-1970er-jahre\/\" \/>\n<meta property=\"og:locale\" content=\"de_DE\" \/>\n<meta property=\"og:type\" content=\"article\" \/>\n<meta property=\"og:title\" content=\"Fototentoonstelling - wielrennen jaren zestig &amp; zeventig - Tour de Retro\" \/>\n<meta property=\"og:description\" content=\"Het begin van de wielersport in regio Eindhoven.\" \/>\n<meta property=\"og:url\" content=\"https:\/\/tourderetro.net\/de\/fahrradfotoausstellung-1960er-1970er-jahre\/\" \/>\n<meta property=\"og:site_name\" content=\"Tour de Retro\" \/>\n<meta property=\"article:published_time\" content=\"2026-08-04T13:53:35+00:00\" \/>\n<meta property=\"article:modified_time\" content=\"2026-08-06T08:59:50+00:00\" \/>\n<meta property=\"og:image\" content=\"https:\/\/tourderetro.net\/wp-content\/uploads\/2026\/08\/1960-Eindhoven.-Willy-Oppers-e.a.-Aan-de-start-in-de-Ronde-van-Midden-Zeeland-TdR.jpg\" \/>\n\t<meta property=\"og:image:width\" content=\"2000\" \/>\n\t<meta property=\"og:image:height\" content=\"1205\" \/>\n\t<meta property=\"og:image:type\" content=\"image\/jpeg\" \/>\n<meta name=\"author\" content=\"Wijtze\" \/>\n<meta name=\"twitter:card\" content=\"summary_large_image\" \/>\n<meta name=\"twitter:label1\" content=\"Verfasst von\" \/>\n\t<meta name=\"twitter:data1\" content=\"Wijtze\" \/>\n\t<meta name=\"twitter:label2\" content=\"Gesch\u00e4tzte Lesezeit\" \/>\n\t<meta name=\"twitter:data2\" content=\"3\u00a0Minuten\" \/>\n<script type=\"application\/ld+json\" class=\"yoast-schema-graph\">{\"@context\":\"https:\\\/\\\/schema.org\",\"@graph\":[{\"@type\":\"Article\",\"@id\":\"https:\\\/\\\/tourderetro.net\\\/fototentoonstelling-wielrennen-jaren-zestig-zeventig\\\/#article\",\"isPartOf\":{\"@id\":\"https:\\\/\\\/tourderetro.net\\\/fototentoonstelling-wielrennen-jaren-zestig-zeventig\\\/\"},\"author\":{\"name\":\"Wijtze\",\"@id\":\"https:\\\/\\\/tourderetro.net\\\/#\\\/schema\\\/person\\\/2c6ea8c36c89645ce19d4848e595bac3\"},\"headline\":\"Fototentoonstelling &#8211; wielrennen jaren zestig &amp; zeventig\",\"datePublished\":\"2026-08-04T13:53:35+00:00\",\"dateModified\":\"2026-08-06T08:59:50+00:00\",\"mainEntityOfPage\":{\"@id\":\"https:\\\/\\\/tourderetro.net\\\/fototentoonstelling-wielrennen-jaren-zestig-zeventig\\\/\"},\"wordCount\":481,\"publisher\":{\"@id\":\"https:\\\/\\\/tourderetro.net\\\/#organization\"},\"image\":{\"@id\":\"https:\\\/\\\/tourderetro.net\\\/fototentoonstelling-wielrennen-jaren-zestig-zeventig\\\/#primaryimage\"},\"thumbnailUrl\":\"https:\\\/\\\/tourderetro.net\\\/wp-content\\\/uploads\\\/2026\\\/08\\\/1960-Eindhoven.-Willy-Oppers-e.a.-Aan-de-start-in-de-Ronde-van-Midden-Zeeland-TdR.jpg\",\"articleSection\":[\"EXPO\",\"HISTORIE\"],\"inLanguage\":\"de\"},{\"@type\":\"WebPage\",\"@id\":\"https:\\\/\\\/tourderetro.net\\\/fototentoonstelling-wielrennen-jaren-zestig-zeventig\\\/\",\"url\":\"https:\\\/\\\/tourderetro.net\\\/fototentoonstelling-wielrennen-jaren-zestig-zeventig\\\/\",\"name\":\"Fototentoonstelling - wielrennen jaren zestig &amp; zeventig - Tour de Retro\",\"isPartOf\":{\"@id\":\"https:\\\/\\\/tourderetro.net\\\/#website\"},\"primaryImageOfPage\":{\"@id\":\"https:\\\/\\\/tourderetro.net\\\/fototentoonstelling-wielrennen-jaren-zestig-zeventig\\\/#primaryimage\"},\"image\":{\"@id\":\"https:\\\/\\\/tourderetro.net\\\/fototentoonstelling-wielrennen-jaren-zestig-zeventig\\\/#primaryimage\"},\"thumbnailUrl\":\"https:\\\/\\\/tourderetro.net\\\/wp-content\\\/uploads\\\/2026\\\/08\\\/1960-Eindhoven.-Willy-Oppers-e.a.-Aan-de-start-in-de-Ronde-van-Midden-Zeeland-TdR.jpg\",\"datePublished\":\"2026-08-04T13:53:35+00:00\",\"dateModified\":\"2026-08-06T08:59:50+00:00\",\"breadcrumb\":{\"@id\":\"https:\\\/\\\/tourderetro.net\\\/fototentoonstelling-wielrennen-jaren-zestig-zeventig\\\/#breadcrumb\"},\"inLanguage\":\"de\",\"potentialAction\":[{\"@type\":\"ReadAction\",\"target\":[\"https:\\\/\\\/tourderetro.net\\\/fototentoonstelling-wielrennen-jaren-zestig-zeventig\\\/\"]}]},{\"@type\":\"ImageObject\",\"inLanguage\":\"de\",\"@id\":\"https:\\\/\\\/tourderetro.net\\\/fototentoonstelling-wielrennen-jaren-zestig-zeventig\\\/#primaryimage\",\"url\":\"https:\\\/\\\/tourderetro.net\\\/wp-content\\\/uploads\\\/2026\\\/08\\\/1960-Eindhoven.-Willy-Oppers-e.a.-Aan-de-start-in-de-Ronde-van-Midden-Zeeland-TdR.jpg\",\"contentUrl\":\"https:\\\/\\\/tourderetro.net\\\/wp-content\\\/uploads\\\/2026\\\/08\\\/1960-Eindhoven.-Willy-Oppers-e.a.-Aan-de-start-in-de-Ronde-van-Midden-Zeeland-TdR.jpg\",\"width\":2000,\"height\":1205,\"caption\":\"Locomotief-Vredestein-Ronde Midden Zeeland\"},{\"@type\":\"BreadcrumbList\",\"@id\":\"https:\\\/\\\/tourderetro.net\\\/fototentoonstelling-wielrennen-jaren-zestig-zeventig\\\/#breadcrumb\",\"itemListElement\":[{\"@type\":\"ListItem\",\"position\":1,\"name\":\"Home\",\"item\":\"https:\\\/\\\/tourderetro.net\\\/\"},{\"@type\":\"ListItem\",\"position\":2,\"name\":\"Fototentoonstelling &#8211; wielrennen jaren zestig &amp; zeventig\"}]},{\"@type\":\"WebSite\",\"@id\":\"https:\\\/\\\/tourderetro.net\\\/#website\",\"url\":\"https:\\\/\\\/tourderetro.net\\\/\",\"name\":\"Tour de Retro\",\"description\":\"Tour de retro | Wieler-event | Eindhoven\",\"publisher\":{\"@id\":\"https:\\\/\\\/tourderetro.net\\\/#organization\"},\"potentialAction\":[{\"@type\":\"SearchAction\",\"target\":{\"@type\":\"EntryPoint\",\"urlTemplate\":\"https:\\\/\\\/tourderetro.net\\\/?s={search_term_string}\"},\"query-input\":{\"@type\":\"PropertyValueSpecification\",\"valueRequired\":true,\"valueName\":\"search_term_string\"}}],\"inLanguage\":\"de\"},{\"@type\":\"Organization\",\"@id\":\"https:\\\/\\\/tourderetro.net\\\/#organization\",\"name\":\"Tour de Retro\",\"url\":\"https:\\\/\\\/tourderetro.net\\\/\",\"logo\":{\"@type\":\"ImageObject\",\"inLanguage\":\"de\",\"@id\":\"https:\\\/\\\/tourderetro.net\\\/#\\\/schema\\\/logo\\\/image\\\/\",\"url\":\"https:\\\/\\\/tourderetro.net\\\/wp-content\\\/uploads\\\/2023\\\/02\\\/Logo_original.png\",\"contentUrl\":\"https:\\\/\\\/tourderetro.net\\\/wp-content\\\/uploads\\\/2023\\\/02\\\/Logo_original.png\",\"width\":500,\"height\":141,\"caption\":\"Tour de Retro\"},\"image\":{\"@id\":\"https:\\\/\\\/tourderetro.net\\\/#\\\/schema\\\/logo\\\/image\\\/\"}},{\"@type\":\"Person\",\"@id\":\"https:\\\/\\\/tourderetro.net\\\/#\\\/schema\\\/person\\\/2c6ea8c36c89645ce19d4848e595bac3\",\"name\":\"Wijtze\",\"image\":{\"@type\":\"ImageObject\",\"inLanguage\":\"de\",\"@id\":\"https:\\\/\\\/tourderetro.net\\\/wp-content\\\/litespeed\\\/avatar\\\/5c87fdb84091eadd8367c99173951830.jpg?ver=1787925228\",\"url\":\"https:\\\/\\\/tourderetro.net\\\/wp-content\\\/litespeed\\\/avatar\\\/5c87fdb84091eadd8367c99173951830.jpg?ver=1787925228\",\"contentUrl\":\"https:\\\/\\\/tourderetro.net\\\/wp-content\\\/litespeed\\\/avatar\\\/5c87fdb84091eadd8367c99173951830.jpg?ver=1787925228\",\"caption\":\"Wijtze\"},\"url\":\"https:\\\/\\\/tourderetro.net\\\/de\\\/author\\\/wijtze\\\/\"}]}<\/script>\n<!-- \/ Yoast SEO plugin. -->","yoast_head_json":{"title":"Fotoausstellung \u2013 Radsport in den Sechzigern und Siebzigern \u2013 Tour de Retro","robots":{"index":"index","follow":"follow","max-snippet":"max-snippet:-1","max-image-preview":"max-image-preview:large","max-video-preview":"max-video-preview:-1"},"canonical":"https:\/\/tourderetro.net\/de\/fahrradfotoausstellung-1960er-1970er-jahre\/","og_locale":"de_DE","og_type":"article","og_title":"Fototentoonstelling - wielrennen jaren zestig &amp; zeventig - Tour de Retro","og_description":"Het begin van de wielersport in regio Eindhoven.","og_url":"https:\/\/tourderetro.net\/de\/fahrradfotoausstellung-1960er-1970er-jahre\/","og_site_name":"Tour de Retro","article_published_time":"2026-08-04T13:53:35+00:00","article_modified_time":"2026-08-06T08:59:50+00:00","og_image":[{"width":2000,"height":1205,"url":"https:\/\/tourderetro.net\/wp-content\/uploads\/2026\/08\/1960-Eindhoven.-Willy-Oppers-e.a.-Aan-de-start-in-de-Ronde-van-Midden-Zeeland-TdR.jpg","type":"image\/jpeg"}],"author":"Wijtze","twitter_card":"summary_large_image","twitter_misc":{"Verfasst von":"Wijtze","Gesch\u00e4tzte Lesezeit":"3\u00a0Minuten"},"schema":{"@context":"https:\/\/schema.org","@graph":[{"@type":"Article","@id":"https:\/\/tourderetro.net\/fototentoonstelling-wielrennen-jaren-zestig-zeventig\/#article","isPartOf":{"@id":"https:\/\/tourderetro.net\/fototentoonstelling-wielrennen-jaren-zestig-zeventig\/"},"author":{"name":"Wijtze","@id":"https:\/\/tourderetro.net\/#\/schema\/person\/2c6ea8c36c89645ce19d4848e595bac3"},"headline":"Fototentoonstelling &#8211; wielrennen jaren zestig &amp; zeventig","datePublished":"2026-08-04T13:53:35+00:00","dateModified":"2026-08-06T08:59:50+00:00","mainEntityOfPage":{"@id":"https:\/\/tourderetro.net\/fototentoonstelling-wielrennen-jaren-zestig-zeventig\/"},"wordCount":481,"publisher":{"@id":"https:\/\/tourderetro.net\/#organization"},"image":{"@id":"https:\/\/tourderetro.net\/fototentoonstelling-wielrennen-jaren-zestig-zeventig\/#primaryimage"},"thumbnailUrl":"https:\/\/tourderetro.net\/wp-content\/uploads\/2026\/08\/1960-Eindhoven.-Willy-Oppers-e.a.-Aan-de-start-in-de-Ronde-van-Midden-Zeeland-TdR.jpg","articleSection":["EXPO","HISTORIE"],"inLanguage":"de"},{"@type":"WebPage","@id":"https:\/\/tourderetro.net\/fototentoonstelling-wielrennen-jaren-zestig-zeventig\/","url":"https:\/\/tourderetro.net\/fototentoonstelling-wielrennen-jaren-zestig-zeventig\/","name":"Fotoausstellung \u2013 Radsport in den Sechzigern und Siebzigern \u2013 Tour de Retro","isPartOf":{"@id":"https:\/\/tourderetro.net\/#website"},"primaryImageOfPage":{"@id":"https:\/\/tourderetro.net\/fototentoonstelling-wielrennen-jaren-zestig-zeventig\/#primaryimage"},"image":{"@id":"https:\/\/tourderetro.net\/fototentoonstelling-wielrennen-jaren-zestig-zeventig\/#primaryimage"},"thumbnailUrl":"https:\/\/tourderetro.net\/wp-content\/uploads\/2026\/08\/1960-Eindhoven.-Willy-Oppers-e.a.-Aan-de-start-in-de-Ronde-van-Midden-Zeeland-TdR.jpg","datePublished":"2026-08-04T13:53:35+00:00","dateModified":"2026-08-06T08:59:50+00:00","breadcrumb":{"@id":"https:\/\/tourderetro.net\/fototentoonstelling-wielrennen-jaren-zestig-zeventig\/#breadcrumb"},"inLanguage":"de","potentialAction":[{"@type":"ReadAction","target":["https:\/\/tourderetro.net\/fototentoonstelling-wielrennen-jaren-zestig-zeventig\/"]}]},{"@type":"ImageObject","inLanguage":"de","@id":"https:\/\/tourderetro.net\/fototentoonstelling-wielrennen-jaren-zestig-zeventig\/#primaryimage","url":"https:\/\/tourderetro.net\/wp-content\/uploads\/2026\/08\/1960-Eindhoven.-Willy-Oppers-e.a.-Aan-de-start-in-de-Ronde-van-Midden-Zeeland-TdR.jpg","contentUrl":"https:\/\/tourderetro.net\/wp-content\/uploads\/2026\/08\/1960-Eindhoven.-Willy-Oppers-e.a.-Aan-de-start-in-de-Ronde-van-Midden-Zeeland-TdR.jpg","width":2000,"height":1205,"caption":"Locomotief-Vredestein-Ronde Midden Zeeland"},{"@type":"BreadcrumbList","@id":"https:\/\/tourderetro.net\/fototentoonstelling-wielrennen-jaren-zestig-zeventig\/#breadcrumb","itemListElement":[{"@type":"ListItem","position":1,"name":"Home","item":"https:\/\/tourderetro.net\/"},{"@type":"ListItem","position":2,"name":"Fototentoonstelling &#8211; wielrennen jaren zestig &amp; zeventig"}]},{"@type":"WebSite","@id":"https:\/\/tourderetro.net\/#website","url":"https:\/\/tourderetro.net\/","name":"Besichtigen Sie die Retro","description":"Retro-Tour | Radsport-Event | Eindhoven","publisher":{"@id":"https:\/\/tourderetro.net\/#organization"},"potentialAction":[{"@type":"SearchAction","target":{"@type":"EntryPoint","urlTemplate":"https:\/\/tourderetro.net\/?s={search_term_string}"},"query-input":{"@type":"PropertyValueSpecification","valueRequired":true,"valueName":"search_term_string"}}],"inLanguage":"de"},{"@type":"Organization","@id":"https:\/\/tourderetro.net\/#organization","name":"Besichtigen Sie die Retro","url":"https:\/\/tourderetro.net\/","logo":{"@type":"ImageObject","inLanguage":"de","@id":"https:\/\/tourderetro.net\/#\/schema\/logo\/image\/","url":"https:\/\/tourderetro.net\/wp-content\/uploads\/2023\/02\/Logo_original.png","contentUrl":"https:\/\/tourderetro.net\/wp-content\/uploads\/2023\/02\/Logo_original.png","width":500,"height":141,"caption":"Tour de Retro"},"image":{"@id":"https:\/\/tourderetro.net\/#\/schema\/logo\/image\/"}},{"@type":"Person","@id":"https:\/\/tourderetro.net\/#\/schema\/person\/2c6ea8c36c89645ce19d4848e595bac3","name":"Wijtze","image":{"@type":"ImageObject","inLanguage":"de","@id":"https:\/\/tourderetro.net\/wp-content\/litespeed\/avatar\/5c87fdb84091eadd8367c99173951830.jpg?ver=1787925228","url":"https:\/\/tourderetro.net\/wp-content\/litespeed\/avatar\/5c87fdb84091eadd8367c99173951830.jpg?ver=1787925228","contentUrl":"https:\/\/tourderetro.net\/wp-content\/litespeed\/avatar\/5c87fdb84091eadd8367c99173951830.jpg?ver=1787925228","caption":"Wijtze"},"url":"https:\/\/tourderetro.net\/de\/author\/wijtze\/"}]}},"_links":{"self":[{"href":"https:\/\/tourderetro.net\/de\/wp-json\/wp\/v2\/posts\/2556","targetHints":{"allow":["GET"]}}],"collection":[{"href":"https:\/\/tourderetro.net\/de\/wp-json\/wp\/v2\/posts"}],"about":[{"href":"https:\/\/tourderetro.net\/de\/wp-json\/wp\/v2\/types\/post"}],"author":[{"embeddable":true,"href":"https:\/\/tourderetro.net\/de\/wp-json\/wp\/v2\/users\/2"}],"replies":[{"embeddable":true,"href":"https:\/\/tourderetro.net\/de\/wp-json\/wp\/v2\/comments?post=2556"}],"version-history":[{"count":19,"href":"https:\/\/tourderetro.net\/de\/wp-json\/wp\/v2\/posts\/2556\/revisions"}],"predecessor-version":[{"id":2606,"href":"https:\/\/tourderetro.net\/de\/wp-json\/wp\/v2\/posts\/2556\/revisions\/2606"}],"wp:featuredmedia":[{"embeddable":true,"href":"https:\/\/tourderetro.net\/de\/wp-json\/wp\/v2\/media\/2557"}],"wp:attachment":[{"href":"https:\/\/tourderetro.net\/de\/wp-json\/wp\/v2\/media?parent=2556"}],"wp:term":[{"taxonomy":"category","embeddable":true,"href":"https:\/\/tourderetro.net\/de\/wp-json\/wp\/v2\/categories?post=2556"},{"taxonomy":"post_tag","embeddable":true,"href":"https:\/\/tourderetro.net\/de\/wp-json\/wp\/v2\/tags?post=2556"}],"curies":[{"name":"wp","href":"https:\/\/api.w.org\/{rel}","templated":true}]}}